{"id":13653,"date":"2001-06-11T00:00:00","date_gmt":"2001-06-11T00:00:00","guid":{"rendered":"https:\/\/www.deberes.net\/tesis\/sin-categoria\/la-incidencia-de-la-justicia-comunitaria-en-las-relaciones-entre-sociedad-y-estado-el-caso-sudafricano-1990-2000\/"},"modified":"2001-06-11T00:00:00","modified_gmt":"2001-06-11T00:00:00","slug":"la-incidencia-de-la-justicia-comunitaria-en-las-relaciones-entre-sociedad-y-estado-el-caso-sudafricano-1990-2000","status":"publish","type":"post","link":"https:\/\/www.deberes.net\/tesis\/ciencias-juridicas-y-derecho\/la-incidencia-de-la-justicia-comunitaria-en-las-relaciones-entre-sociedad-y-estado-el-caso-sudafricano-1990-2000\/","title":{"rendered":"La incidencia de la justicia comunitaria en las relaciones entre sociedad y estado: el caso sudafricano 1990-2000"},"content":{"rendered":"<h2>Tesis doctoral de <strong> Jokin Alberdi Bidaguren <\/strong><\/h2>\n<p>Esta tesis doctoral trata sobre el estudio y la evoluci\u00f3n de las experiencias comunitarias de justicia (o justicia popular) de sud\u00e1frica desde los primeros pasos de transici\u00f3n democr\u00e1tica en los a\u00f1o 90 hasta nuestros d\u00edas. A trav\u00e9s del estudio de estas estructuras de justicia popular, se trata de profundizar principalmente en dos cuestiones:  a,- si la pariticipaci\u00f3n comunitaria, caracter\u00edstica del movimiento popular que luch\u00f3 a favor de la democracia y el fin del apartheid, tiene alguna expresi\u00f3n de continuidad o, si por el contrario, se ha debilitado como consecuencia del proceso de transici\u00f3n que est\u00e1 viviendo el pa\u00eds.  b,- si el nuevo proyecto de estado democr\u00e1tico ha sido capaz de incorporar alg\u00fan\/os elemento\/s de la pluralidad cultural y la tradicci\u00f3n ind\u00edgena con el fin de democratizar la propia sociedad y de garantizar los derechos y libertades de aquellos sectores que tradicionalmente quedaban exclu\u00eddos de la participaci\u00f3n en el estado.  el an\u00e1lisis sobre las experiencias de justicia comunitaria se realizar\u00e1 haciendo hincap\u00ede principalmente sobre tres aspectos:  a,- las consecuencias de la transici\u00f3n democr\u00e1tica en la participaci\u00f3n popular.  b,- el conflicto de relaciones entre la\/s sociedad\/es y el estado.  c,- y las f\u00f3rmulas de coexistencia entre la justicia estatal y las diferentes expresiones de justicia popular y\/o ind\u00edgena.  como estudio de caso, se analizar\u00e1n las distintas experiencias de justicia comunitaria que siguen operando tras el inicio de la transici\u00f3n pol\u00edtica sudafricana. Concretamente, estudiaremos los denominados \u00abtribunales comunitarios\u00bb o communitty courts de los barrios marginales o townships de las grandes urbes sudafricanas y algunos proyectos similares que han surgido en los \u00faltimos tiempos de la mano de diferentes organziaciones acad\u00e9micas y ong, aunque tambi\u00e9n se har\u00e1n referencias a sus hom\u00f3logos \u00abtribunales tradicionales\u00bb que contin\u00faan operando en el mundo r<\/p>\n<p>&nbsp;<\/p>\n<h3>Datos acad\u00e9micos de la tesis doctoral \u00ab<strong>La incidencia de la justicia comunitaria en las relaciones entre sociedad y estado: el caso sudafricano 1990-2000<\/strong>\u00ab<\/h3>\n<ul>\n<li><strong>T\u00edtulo de la tesis:<\/strong>\u00a0 La incidencia de la justicia comunitaria en las relaciones entre sociedad y estado: el caso sudafricano 1990-2000 <\/li>\n<li><strong>Autor:<\/strong>\u00a0 Jokin Alberdi Bidaguren <\/li>\n<li><strong>Universidad:<\/strong>\u00a0 Pa\u00eds vasco\/euskal herriko unibertsitatea<\/li>\n<li><strong>Fecha de lectura de la tesis:<\/strong>\u00a0 06\/11\/2001<\/li>\n<\/ul>\n<p>&nbsp;<\/p>\n<h3>Direcci\u00f3n y tribunal<\/h3>\n<ul>\n<li><strong>Director de la tesis<\/strong>\n<ul>\n<li>Pedro Ibarra G\u00c1\u00bcel<\/li>\n<\/ul>\n<\/li>\n<li><strong>Tribunal<\/strong>\n<ul>\n<li>Presidente del tribunal: Francisco jose Llera ramo <\/li>\n<li>Francisco Javier Pe\u00f1as esteban (vocal)<\/li>\n<li>pere Vilanova trias (vocal)<\/li>\n<li> Perez alonso de arimi\u00f1o Carlos (vocal)<\/li>\n<\/ul>\n<\/li>\n<\/ul>\n<p>&nbsp;<\/p>\n","protected":false},"excerpt":{"rendered":"<p>Tesis doctoral de Jokin Alberdi Bidaguren Esta tesis doctoral trata sobre el estudio y la evoluci\u00f3n de las experiencias comunitarias [&hellip;]<\/p>\n","protected":false},"author":1,"featured_media":0,"comment_status":"open","ping_status":"open","sticky":false,"template":"","format":"standard","meta":{"site-sidebar-layout":"default","site-content-layout":"","ast-site-content-layout":"","site-content-style":"default","site-sidebar-style":"default","ast-global-header-display":"","ast-banner-title-visibility":"","ast-main-header-display":"","ast-hfb-above-header-display":"","ast-hfb-below-header-display":"","ast-hfb-mobile-header-display":"","site-post-title":"","ast-breadcrumbs-content":"","ast-featured-img":"","footer-sml-layout":"","theme-transparent-header-meta":"","adv-header-id-meta":"","stick-header-meta":"","header-above-stick-meta":"","header-main-stick-meta":"","header-below-stick-meta":"","astra-migrate-meta-layouts":"default","ast-page-background-enabled":"default","ast-page-background-meta":{"desktop":{"background-color":"var(--ast-global-color-4)","background-image":"","background-repeat":"repeat","background-position":"center center","background-size":"auto","background-attachment":"scroll","background-type":"","background-media":"","overlay-type":"","overlay-color":"","overlay-gradient":""},"tablet":{"background-color":"","background-image":"","background-repeat":"repeat","background-position":"center center","background-size":"auto","background-attachment":"scroll","background-type":"","background-media":"","overlay-type":"","overlay-color":"","overlay-gradient":""},"mobile":{"background-color":"","background-image":"","background-repeat":"repeat","background-position":"center center","background-size":"auto","background-attachment":"scroll","background-type":"","background-media":"","overlay-type":"","overlay-color":"","overlay-gradient":""}},"ast-content-background-meta":{"desktop":{"background-color":"var(--ast-global-color-5)","background-image":"","background-repeat":"repeat","background-position":"center center","background-size":"auto","background-attachment":"scroll","background-type":"","background-media":"","overlay-type":"","overlay-color":"","overlay-gradient":""},"tablet":{"background-color":"var(--ast-global-color-5)","background-image":"","background-repeat":"repeat","background-position":"center center","background-size":"auto","background-attachment":"scroll","background-type":"","background-media":"","overlay-type":"","overlay-color":"","overlay-gradient":""},"mobile":{"background-color":"var(--ast-global-color-5)","background-image":"","background-repeat":"repeat","background-position":"center center","background-size":"auto","background-attachment":"scroll","background-type":"","background-media":"","overlay-type":"","overlay-color":"","overlay-gradient":""}},"footnotes":""},"categories":[838,612,11803,3621,12909,18969,5899],"tags":[13446,6328,44261,44262,29450,44263],"class_list":["post-13653","post","type-post","status-publish","format-standard","hentry","category-ciencia-politica","category-ciencias-juridicas-y-derecho","category-instituciones-politicas","category-organizacion-juridica","category-pais-vasco-euskal-herriko-unibertsitatea","category-relaciones-entre-los-poderes","category-tribunales","tag-francisco-javier-penas-esteban","tag-francisco-jose-llera-ramo","tag-jokin-alberdi-bidaguren","tag-pedro-ibarra-gael","tag-pere-vilanova-trias","tag-perez-alonso-de-arimino-carlos"],"_links":{"self":[{"href":"https:\/\/www.deberes.net\/tesis\/wp-json\/wp\/v2\/posts\/13653","targetHints":{"allow":["GET"]}}],"collection":[{"href":"https:\/\/www.deberes.net\/tesis\/wp-json\/wp\/v2\/posts"}],"about":[{"href":"https:\/\/www.deberes.net\/tesis\/wp-json\/wp\/v2\/types\/post"}],"author":[{"embeddable":true,"href":"https:\/\/www.deberes.net\/tesis\/wp-json\/wp\/v2\/users\/1"}],"replies":[{"embeddable":true,"href":"https:\/\/www.deberes.net\/tesis\/wp-json\/wp\/v2\/comments?post=13653"}],"version-history":[{"count":0,"href":"https:\/\/www.deberes.net\/tesis\/wp-json\/wp\/v2\/posts\/13653\/revisions"}],"wp:attachment":[{"href":"https:\/\/www.deberes.net\/tesis\/wp-json\/wp\/v2\/media?parent=13653"}],"wp:term":[{"taxonomy":"category","embeddable":true,"href":"https:\/\/www.deberes.net\/tesis\/wp-json\/wp\/v2\/categories?post=13653"},{"taxonomy":"post_tag","embeddable":true,"href":"https:\/\/www.deberes.net\/tesis\/wp-json\/wp\/v2\/tags?post=13653"}],"curies":[{"name":"wp","href":"https:\/\/api.w.org\/{rel}","templated":true}]}}