{"id":136546,"date":"2026-01-12T16:58:14","date_gmt":"2026-01-12T16:58:14","guid":{"rendered":"https:\/\/www.deberes.net\/tesis\/sin-categoria\/estructura-y-significacion-de-la-temporalidad-en-el-texto-narrativo-tiempo-sistema-de-mundos-posibles-y-componente-imaginario\/"},"modified":"2026-01-12T16:58:14","modified_gmt":"2026-01-12T16:58:14","slug":"estructura-y-significacion-de-la-temporalidad-en-el-texto-narrativo-tiempo-sistema-de-mundos-posibles-y-componente-imaginario","status":"publish","type":"post","link":"https:\/\/www.deberes.net\/tesis\/ciencias-de-las-artes-y-las-letras\/estructura-y-significacion-de-la-temporalidad-en-el-texto-narrativo-tiempo-sistema-de-mundos-posibles-y-componente-imaginario\/","title":{"rendered":"Estructura y significacion de la temporalidad en el texto narrativo. tiempo, sistema de mundos posibles y componente imaginario."},"content":{"rendered":"<h2>Tesis doctoral de <strong> Alfonso Martin Jimenez <\/strong><\/h2>\n<p>El proposito de esta tesis doctoral es contribuir a consolidar una poetica de la imaginacion del texto narrativo. Para ello se analiza en primer lugar la estructura del texto narrativo, y se observa despues como el volumen simbolico del relato se materializa en sus estructuras linguisticas concretas, a traves de los mecanismos de proyeccion que le son especificos. Se intenta establecer asi una semantica imaginaria de la imaginacion (asimilando las aportaciones de la teoria de los mundos posibles, de la poetica de la imaginacion, de los cronotopos de mijail bajtin y de la temporalidad narrativa de paul ricoeur), y una sintaxis de la imaginacion (estableciendo los dos ejes temporales, el de la posicion del narrador con respecto a los hechos y el de la ordenacion de los sucesos, sobre los cuales se sustentan los diversos regimenes de la imaginacion).  analizamos tales constructos teoricos en cuatro novelas iberoamericanas: el tunel, de ernesto sabato, pedro paramo, de juan rulfo, amorte e a morte de quincas berro dagua, y cronica de una muerte anunciada, de gabriel garcia marquez.<\/p>\n<p>&nbsp;<\/p>\n<h3>Datos acad\u00e9micos de la tesis doctoral \u00ab<strong>Estructura y significacion de la temporalidad en el texto narrativo. tiempo, sistema de mundos posibles y componente imaginario.<\/strong>\u00ab<\/h3>\n<ul>\n<li><strong>T\u00edtulo de la tesis:<\/strong>\u00a0 Estructura y significacion de la temporalidad en el texto narrativo. tiempo, sistema de mundos posibles y componente imaginario. <\/li>\n<li><strong>Autor:<\/strong>\u00a0 Alfonso Martin Jimenez <\/li>\n<li><strong>Universidad:<\/strong>\u00a0 Valladolid<\/li>\n<li><strong>Fecha de lectura de la tesis:<\/strong>\u00a0 01\/01\/1991<\/li>\n<\/ul>\n<p>&nbsp;<\/p>\n<h3>Direcci\u00f3n y tribunal<\/h3>\n<ul>\n<li><strong>Director de la tesis<\/strong>\n<ul>\n<li>Tomas Albaladejo Mayordomo<\/li>\n<\/ul>\n<\/li>\n<li><strong>Tribunal<\/strong>\n<ul>\n<li>Presidente del tribunal:  Bobes Naves M. Del Carmen <\/li>\n<li> Aguiar E Silva Victor Manuel (vocal)<\/li>\n<li>Antonio  Pedro Garcia Berrio  Hernandez (vocal)<\/li>\n<li>Jos\u00e9 Dom\u00ednguez Caparr\u00f3s (vocal)<\/li>\n<\/ul>\n<\/li>\n<\/ul>\n<p>&nbsp;<\/p>\n","protected":false},"excerpt":{"rendered":"<p>Tesis doctoral de Alfonso Martin Jimenez El proposito de esta tesis doctoral es contribuir a consolidar una poetica de la [&hellip;]<\/p>\n","protected":false},"author":1,"featured_media":0,"comment_status":"open","ping_status":"open","sticky":false,"template":"","format":"standard","meta":{"site-sidebar-layout":"default","site-content-layout":"","ast-site-content-layout":"","site-content-style":"default","site-sidebar-style":"default","ast-global-header-display":"","ast-banner-title-visibility":"","ast-main-header-display":"","ast-hfb-above-header-display":"","ast-hfb-below-header-display":"","ast-hfb-mobile-header-display":"","site-post-title":"","ast-breadcrumbs-content":"","ast-featured-img":"","footer-sml-layout":"","theme-transparent-header-meta":"","adv-header-id-meta":"","stick-header-meta":"","header-above-stick-meta":"","header-main-stick-meta":"","header-below-stick-meta":"","astra-migrate-meta-layouts":"default","ast-page-background-enabled":"default","ast-page-background-meta":{"desktop":{"background-color":"var(--ast-global-color-4)","background-image":"","background-repeat":"repeat","background-position":"center center","background-size":"auto","background-attachment":"scroll","background-type":"","background-media":"","overlay-type":"","overlay-color":"","overlay-gradient":""},"tablet":{"background-color":"","background-image":"","background-repeat":"repeat","background-position":"center center","background-size":"auto","background-attachment":"scroll","background-type":"","background-media":"","overlay-type":"","overlay-color":"","overlay-gradient":""},"mobile":{"background-color":"","background-image":"","background-repeat":"repeat","background-position":"center center","background-size":"auto","background-attachment":"scroll","background-type":"","background-media":"","overlay-type":"","overlay-color":"","overlay-gradient":""}},"ast-content-background-meta":{"desktop":{"background-color":"var(--ast-global-color-5)","background-image":"","background-repeat":"repeat","background-position":"center center","background-size":"auto","background-attachment":"scroll","background-type":"","background-media":"","overlay-type":"","overlay-color":"","overlay-gradient":""},"tablet":{"background-color":"var(--ast-global-color-5)","background-image":"","background-repeat":"repeat","background-position":"center center","background-size":"auto","background-attachment":"scroll","background-type":"","background-media":"","overlay-type":"","overlay-color":"","overlay-gradient":""},"mobile":{"background-color":"var(--ast-global-color-5)","background-image":"","background-repeat":"repeat","background-position":"center center","background-size":"auto","background-attachment":"scroll","background-type":"","background-media":"","overlay-type":"","overlay-color":"","overlay-gradient":""}},"footnotes":""},"categories":[148,147,149,628,12451],"tags":[250976,57277,14762,3160,8739,4759],"class_list":["post-136546","post","type-post","status-publish","format-standard","hentry","category-analisis-literario","category-ciencias-de-las-artes-y-las-letras","category-critica-de-textos","category-teoria-analisis-y-critica-literarios","category-valladolid","tag-aguiar-e-silva-victor-manuel","tag-alfonso-martin-jimenez","tag-antonio-pedro-garcia-berrio-hernandez","tag-bobes-naves-m-del-carmen","tag-jose-dominguez-caparros","tag-tomas-albaladejo-mayordomo"],"_links":{"self":[{"href":"https:\/\/www.deberes.net\/tesis\/wp-json\/wp\/v2\/posts\/136546","targetHints":{"allow":["GET"]}}],"collection":[{"href":"https:\/\/www.deberes.net\/tesis\/wp-json\/wp\/v2\/posts"}],"about":[{"href":"https:\/\/www.deberes.net\/tesis\/wp-json\/wp\/v2\/types\/post"}],"author":[{"embeddable":true,"href":"https:\/\/www.deberes.net\/tesis\/wp-json\/wp\/v2\/users\/1"}],"replies":[{"embeddable":true,"href":"https:\/\/www.deberes.net\/tesis\/wp-json\/wp\/v2\/comments?post=136546"}],"version-history":[{"count":0,"href":"https:\/\/www.deberes.net\/tesis\/wp-json\/wp\/v2\/posts\/136546\/revisions"}],"wp:attachment":[{"href":"https:\/\/www.deberes.net\/tesis\/wp-json\/wp\/v2\/media?parent=136546"}],"wp:term":[{"taxonomy":"category","embeddable":true,"href":"https:\/\/www.deberes.net\/tesis\/wp-json\/wp\/v2\/categories?post=136546"},{"taxonomy":"post_tag","embeddable":true,"href":"https:\/\/www.deberes.net\/tesis\/wp-json\/wp\/v2\/tags?post=136546"}],"curies":[{"name":"wp","href":"https:\/\/api.w.org\/{rel}","templated":true}]}}