{"id":136578,"date":"2026-01-12T16:58:29","date_gmt":"2026-01-12T16:58:29","guid":{"rendered":"https:\/\/www.deberes.net\/tesis\/sin-categoria\/el-obispo-juan-alejo-de-arizmendi-ante-el-proceso-revolucionario-y-la-emancipacion-de-america-latina-y-el-caribe\/"},"modified":"2026-01-12T16:58:29","modified_gmt":"2026-01-12T16:58:29","slug":"el-obispo-juan-alejo-de-arizmendi-ante-el-proceso-revolucionario-y-la-emancipacion-de-america-latina-y-el-caribe","status":"publish","type":"post","link":"https:\/\/www.deberes.net\/tesis\/historia\/el-obispo-juan-alejo-de-arizmendi-ante-el-proceso-revolucionario-y-la-emancipacion-de-america-latina-y-el-caribe\/","title":{"rendered":"El obispo juan alejo de arizmendi ante el proceso revolucionario y la emancipacion de america latina y el caribe"},"content":{"rendered":"<h2>Tesis doctoral de <strong>  Rodriguez Leon Mario A. <\/strong><\/h2>\n<p>Como el propio titulo indica, no se trata de un estudio limitado a la figura de juan alejo de arizmendi, primer obispo de origen puertorrique\u00f1o, y su labor pastoral en el ambito isle\u00f1o, sino de un analisis con una perspectiva mucho mas amplia. A arizmendi le toca vivir los ultimos a\u00f1os del siglo xviii y primeros del xix; es decir, todo el proceso revolucionario en hispanoamerica hasta el retorno de fernando vii. Por consiguiente, hemos tratado de hacer una historia global del caribe en los a\u00f1os comprendidos entre 1791 y 1814, analizando los siguientes planos: la situacion politica, religiosa y socioeconomica del caribe en visperas de la revolucion; la posicion adoptada por la iglesia puertorrique\u00f1a y la corte en materia eclesiastica; la repercusion del juntismo espa\u00f1ol y americano en el pensamiento y accion de arizmendi; la actuacion del obispo en el contexto historico de las guerras; el estudio de su labor pastoral y educativa en la coyuntura critica que le toco vivir.<\/p>\n<p>&nbsp;<\/p>\n<h3>Datos acad\u00e9micos de la tesis doctoral \u00ab<strong>El obispo juan alejo de arizmendi ante el proceso revolucionario y la emancipacion de america latina y el caribe<\/strong>\u00ab<\/h3>\n<ul>\n<li><strong>T\u00edtulo de la tesis:<\/strong>\u00a0 El obispo juan alejo de arizmendi ante el proceso revolucionario y la emancipacion de america latina y el caribe <\/li>\n<li><strong>Autor:<\/strong>\u00a0  Rodriguez Leon Mario A. <\/li>\n<li><strong>Universidad:<\/strong>\u00a0 Valladolid<\/li>\n<li><strong>Fecha de lectura de la tesis:<\/strong>\u00a0 01\/01\/1991<\/li>\n<\/ul>\n<p>&nbsp;<\/p>\n<h3>Direcci\u00f3n y tribunal<\/h3>\n<ul>\n<li><strong>Director de la tesis<\/strong>\n<ul>\n<li>Demetrio Ramos Perez<\/li>\n<\/ul>\n<\/li>\n<li><strong>Tribunal<\/strong>\n<ul>\n<li>Presidente del tribunal: Jaime Delgado Martin <\/li>\n<li>Lorenzo Rubio Gonzalez (vocal)<\/li>\n<li>Pedro Borges Moran (vocal)<\/li>\n<li>Lucio Mijares Perez (vocal)<\/li>\n<\/ul>\n<\/li>\n<\/ul>\n<p>&nbsp;<\/p>\n","protected":false},"excerpt":{"rendered":"<p>Tesis doctoral de Rodriguez Leon Mario A. Como el propio titulo indica, no se trata de un estudio limitado a [&hellip;]<\/p>\n","protected":false},"author":1,"featured_media":0,"comment_status":"open","ping_status":"open","sticky":false,"template":"","format":"standard","meta":{"site-sidebar-layout":"default","site-content-layout":"","ast-site-content-layout":"","site-content-style":"default","site-sidebar-style":"default","ast-global-header-display":"","ast-banner-title-visibility":"","ast-main-header-display":"","ast-hfb-above-header-display":"","ast-hfb-below-header-display":"","ast-hfb-mobile-header-display":"","site-post-title":"","ast-breadcrumbs-content":"","ast-featured-img":"","footer-sml-layout":"","theme-transparent-header-meta":"","adv-header-id-meta":"","stick-header-meta":"","header-above-stick-meta":"","header-main-stick-meta":"","header-below-stick-meta":"","astra-migrate-meta-layouts":"default","ast-page-background-enabled":"default","ast-page-background-meta":{"desktop":{"background-color":"var(--ast-global-color-4)","background-image":"","background-repeat":"repeat","background-position":"center center","background-size":"auto","background-attachment":"scroll","background-type":"","background-media":"","overlay-type":"","overlay-color":"","overlay-gradient":""},"tablet":{"background-color":"","background-image":"","background-repeat":"repeat","background-position":"center center","background-size":"auto","background-attachment":"scroll","background-type":"","background-media":"","overlay-type":"","overlay-color":"","overlay-gradient":""},"mobile":{"background-color":"","background-image":"","background-repeat":"repeat","background-position":"center center","background-size":"auto","background-attachment":"scroll","background-type":"","background-media":"","overlay-type":"","overlay-color":"","overlay-gradient":""}},"ast-content-background-meta":{"desktop":{"background-color":"var(--ast-global-color-5)","background-image":"","background-repeat":"repeat","background-position":"center center","background-size":"auto","background-attachment":"scroll","background-type":"","background-media":"","overlay-type":"","overlay-color":"","overlay-gradient":""},"tablet":{"background-color":"var(--ast-global-color-5)","background-image":"","background-repeat":"repeat","background-position":"center center","background-size":"auto","background-attachment":"scroll","background-type":"","background-media":"","overlay-type":"","overlay-color":"","overlay-gradient":""},"mobile":{"background-color":"var(--ast-global-color-5)","background-image":"","background-repeat":"repeat","background-position":"center center","background-size":"auto","background-attachment":"scroll","background-type":"","background-media":"","overlay-type":"","overlay-color":"","overlay-gradient":""}},"footnotes":""},"categories":[104,3538,639,981,222,12451],"tags":[95356,108915,12583,12546,44028,251009],"class_list":["post-136578","post","type-post","status-publish","format-standard","hentry","category-historia","category-historia-de-las-ideas-politicas","category-historia-de-paises","category-historia-regional","category-historias-especializadas","category-valladolid","tag-demetrio-ramos-perez","tag-jaime-delgado-martin","tag-lorenzo-rubio-gonzalez","tag-lucio-mijares-perez","tag-pedro-borges-moran","tag-rodriguez-leon-mario-a"],"_links":{"self":[{"href":"https:\/\/www.deberes.net\/tesis\/wp-json\/wp\/v2\/posts\/136578","targetHints":{"allow":["GET"]}}],"collection":[{"href":"https:\/\/www.deberes.net\/tesis\/wp-json\/wp\/v2\/posts"}],"about":[{"href":"https:\/\/www.deberes.net\/tesis\/wp-json\/wp\/v2\/types\/post"}],"author":[{"embeddable":true,"href":"https:\/\/www.deberes.net\/tesis\/wp-json\/wp\/v2\/users\/1"}],"replies":[{"embeddable":true,"href":"https:\/\/www.deberes.net\/tesis\/wp-json\/wp\/v2\/comments?post=136578"}],"version-history":[{"count":0,"href":"https:\/\/www.deberes.net\/tesis\/wp-json\/wp\/v2\/posts\/136578\/revisions"}],"wp:attachment":[{"href":"https:\/\/www.deberes.net\/tesis\/wp-json\/wp\/v2\/media?parent=136578"}],"wp:term":[{"taxonomy":"category","embeddable":true,"href":"https:\/\/www.deberes.net\/tesis\/wp-json\/wp\/v2\/categories?post=136578"},{"taxonomy":"post_tag","embeddable":true,"href":"https:\/\/www.deberes.net\/tesis\/wp-json\/wp\/v2\/tags?post=136578"}],"curies":[{"name":"wp","href":"https:\/\/api.w.org\/{rel}","templated":true}]}}