{"id":13674,"date":"2001-07-11T00:00:00","date_gmt":"2001-07-11T00:00:00","guid":{"rendered":"https:\/\/www.deberes.net\/tesis\/sin-categoria\/identificacion-y-caracterizacion-de-pequenos-rnas-en-palmera-datilera-y-berenjena\/"},"modified":"2001-07-11T00:00:00","modified_gmt":"2001-07-11T00:00:00","slug":"identificacion-y-caracterizacion-de-pequenos-rnas-en-palmera-datilera-y-berenjena","status":"publish","type":"post","link":"https:\/\/www.deberes.net\/tesis\/ciencias-de-la-vida\/identificacion-y-caracterizacion-de-pequenos-rnas-en-palmera-datilera-y-berenjena\/","title":{"rendered":"Identificaci\u00f3n y caracterizaci\u00f3n de peque\u00f1os rnas en palmera datilera y berenjena"},"content":{"rendered":"<h2>Tesis doctoral de <strong>  Fadda Ghaleb Nimer Ziad <\/strong><\/h2>\n<p>La caracterizaci\u00f3n molecular del viroide latente de la berenjena (elvd) ha demostrado que est\u00e1 constituido de una poblacion heterog\u00e9na de variantes de secuencia sin homolog\u00eda con ninguno de los virodies descritos. Se ha determinado la presencia de motivos de secuencia capaces de formar estructuras de \u00abcabeza de martillo\u00bb con actividad ribozim\u00e1tica en las cadenas de ambas polaridades. Se propone le elvd como la especie tipo de un nuevo g\u00e9nero \u00abelaviroid\u00bb dentro de la familia avsunviroidae.  se ha identificado en berenjena uan mol\u00e9cula con gran homolog\u00eda con el cevd la cual ha sido caracterizada como un viroide que contiene una duplicaci\u00f3n de 96 nucle\u00f3tidos de la regi\u00f3n terminal derecha de la mol\u00e9cula del cevd.  se ha identificado y caracterizado un dsrna asociado a la \u00abenfermedad de las hojas quebradizas\u00bb de las palmeras datilera. Dicho dsrna tiene homolog\u00eda congenes del cloroplastoy constituye un buen marcador de la enfermedad.<\/p>\n<p>&nbsp;<\/p>\n<h3>Datos acad\u00e9micos de la tesis doctoral \u00ab<strong>Identificaci\u00f3n y caracterizaci\u00f3n de peque\u00f1os rnas en palmera datilera y berenjena<\/strong>\u00ab<\/h3>\n<ul>\n<li><strong>T\u00edtulo de la tesis:<\/strong>\u00a0 Identificaci\u00f3n y caracterizaci\u00f3n de peque\u00f1os rnas en palmera datilera y berenjena <\/li>\n<li><strong>Autor:<\/strong>\u00a0  Fadda Ghaleb Nimer Ziad <\/li>\n<li><strong>Universidad:<\/strong>\u00a0 Polit\u00e9cnica de Valencia<\/li>\n<li><strong>Fecha de lectura de la tesis:<\/strong>\u00a0 07\/11\/2001<\/li>\n<\/ul>\n<p>&nbsp;<\/p>\n<h3>Direcci\u00f3n y tribunal<\/h3>\n<ul>\n<li><strong>Director de la tesis<\/strong>\n<ul>\n<li> Dar\u00f3s Arnau Jos\u00e9 Antonio<\/li>\n<\/ul>\n<\/li>\n<li><strong>Tribunal<\/strong>\n<ul>\n<li>Presidente del tribunal: concepci\u00f3n Jodr\u00e1 guti\u00e9rrez <\/li>\n<li>vicente Pall\u00e1s benet (vocal)<\/li>\n<li>pedro Moreno g\u00f3mez (vocal)<\/li>\n<li>  (vocal)<\/li>\n<\/ul>\n<\/li>\n<\/ul>\n<p>&nbsp;<\/p>\n","protected":false},"excerpt":{"rendered":"<p>Tesis doctoral de Fadda Ghaleb Nimer Ziad La caracterizaci\u00f3n molecular del viroide latente de la berenjena (elvd) ha demostrado que [&hellip;]<\/p>\n","protected":false},"author":1,"featured_media":0,"comment_status":"open","ping_status":"open","sticky":false,"template":"","format":"standard","meta":{"site-sidebar-layout":"default","site-content-layout":"","ast-site-content-layout":"","site-content-style":"default","site-sidebar-style":"default","ast-global-header-display":"","ast-banner-title-visibility":"","ast-main-header-display":"","ast-hfb-above-header-display":"","ast-hfb-below-header-display":"","ast-hfb-mobile-header-display":"","site-post-title":"","ast-breadcrumbs-content":"","ast-featured-img":"","footer-sml-layout":"","theme-transparent-header-meta":"","adv-header-id-meta":"","stick-header-meta":"","header-above-stick-meta":"","header-main-stick-meta":"","header-below-stick-meta":"","astra-migrate-meta-layouts":"default","ast-page-background-enabled":"default","ast-page-background-meta":{"desktop":{"background-color":"var(--ast-global-color-4)","background-image":"","background-repeat":"repeat","background-position":"center center","background-size":"auto","background-attachment":"scroll","background-type":"","background-media":"","overlay-type":"","overlay-color":"","overlay-gradient":""},"tablet":{"background-color":"","background-image":"","background-repeat":"repeat","background-position":"center center","background-size":"auto","background-attachment":"scroll","background-type":"","background-media":"","overlay-type":"","overlay-color":"","overlay-gradient":""},"mobile":{"background-color":"","background-image":"","background-repeat":"repeat","background-position":"center center","background-size":"auto","background-attachment":"scroll","background-type":"","background-media":"","overlay-type":"","overlay-color":"","overlay-gradient":""}},"ast-content-background-meta":{"desktop":{"background-color":"var(--ast-global-color-5)","background-image":"","background-repeat":"repeat","background-position":"center center","background-size":"auto","background-attachment":"scroll","background-type":"","background-media":"","overlay-type":"","overlay-color":"","overlay-gradient":""},"tablet":{"background-color":"var(--ast-global-color-5)","background-image":"","background-repeat":"repeat","background-position":"center center","background-size":"auto","background-attachment":"scroll","background-type":"","background-media":"","overlay-type":"","overlay-color":"","overlay-gradient":""},"mobile":{"background-color":"var(--ast-global-color-5)","background-image":"","background-repeat":"repeat","background-position":"center center","background-size":"auto","background-attachment":"scroll","background-type":"","background-media":"","overlay-type":"","overlay-color":"","overlay-gradient":""}},"footnotes":""},"categories":[972,494,35,10792,5220,16820,5219],"tags":[44324,26976,44323,35430,8398],"class_list":["post-13674","post","type-post","status-publish","format-standard","hentry","category-botanica","category-ciencias-agrarias","category-ciencias-de-la-vida","category-fitopatologia","category-fitopatologia-agricola","category-politecnica-de-valencia","category-virus-de-las-plantas","tag-concepcion-jodra-gutierrez","tag-daros-arnau-jose-antonio","tag-fadda-ghaleb-nimer-ziad","tag-pedro-moreno-gomez","tag-vicente-pallas-benet"],"_links":{"self":[{"href":"https:\/\/www.deberes.net\/tesis\/wp-json\/wp\/v2\/posts\/13674","targetHints":{"allow":["GET"]}}],"collection":[{"href":"https:\/\/www.deberes.net\/tesis\/wp-json\/wp\/v2\/posts"}],"about":[{"href":"https:\/\/www.deberes.net\/tesis\/wp-json\/wp\/v2\/types\/post"}],"author":[{"embeddable":true,"href":"https:\/\/www.deberes.net\/tesis\/wp-json\/wp\/v2\/users\/1"}],"replies":[{"embeddable":true,"href":"https:\/\/www.deberes.net\/tesis\/wp-json\/wp\/v2\/comments?post=13674"}],"version-history":[{"count":0,"href":"https:\/\/www.deberes.net\/tesis\/wp-json\/wp\/v2\/posts\/13674\/revisions"}],"wp:attachment":[{"href":"https:\/\/www.deberes.net\/tesis\/wp-json\/wp\/v2\/media?parent=13674"}],"wp:term":[{"taxonomy":"category","embeddable":true,"href":"https:\/\/www.deberes.net\/tesis\/wp-json\/wp\/v2\/categories?post=13674"},{"taxonomy":"post_tag","embeddable":true,"href":"https:\/\/www.deberes.net\/tesis\/wp-json\/wp\/v2\/tags?post=13674"}],"curies":[{"name":"wp","href":"https:\/\/api.w.org\/{rel}","templated":true}]}}