{"id":137192,"date":"2026-01-12T17:03:38","date_gmt":"2026-01-12T17:03:38","guid":{"rendered":"https:\/\/www.deberes.net\/tesis\/sin-categoria\/caracterizacion-e-inhibicion-de-la-flora-sicrotrofa-de-leche-de-oveja-refrigerada\/"},"modified":"2026-01-12T17:03:38","modified_gmt":"2026-01-12T17:03:38","slug":"caracterizacion-e-inhibicion-de-la-flora-sicrotrofa-de-leche-de-oveja-refrigerada","status":"publish","type":"post","link":"https:\/\/www.deberes.net\/tesis\/ciencias-tecnologicas\/caracterizacion-e-inhibicion-de-la-flora-sicrotrofa-de-leche-de-oveja-refrigerada\/","title":{"rendered":"Caracterizacion e inhibicion de la flora sicrotrofa de leche de oveja refrigerada."},"content":{"rendered":"<h2>Tesis doctoral de <strong>  Pla Soler M. Teresa Reyes <\/strong><\/h2>\n<p>Se evaluo la contaminacion microbiana de leche de oveja refrigerada a lo largo de dos lactaciones, caracterizando la flora sicrotrofa y determinando la actividad proteolitica. Se evaluo la actividad inhibidora de cepas lacticas de coleccion frente a bacterias sicrotrofas proteoliticas.  las cepas lacticas mas inhibidoras se ensayaron en leche cruda y termizada en condiciones de refrigeracion.  se ensayo, finalmente, en tanques de granja la utilidad de cultivos mixtos.<\/p>\n<p>&nbsp;<\/p>\n<h3>Datos acad\u00e9micos de la tesis doctoral \u00ab<strong>Caracterizacion e inhibicion de la flora sicrotrofa de leche de oveja refrigerada.<\/strong>\u00ab<\/h3>\n<ul>\n<li><strong>T\u00edtulo de la tesis:<\/strong>\u00a0 Caracterizacion e inhibicion de la flora sicrotrofa de leche de oveja refrigerada. <\/li>\n<li><strong>Autor:<\/strong>\u00a0  Pla Soler M. Teresa Reyes <\/li>\n<li><strong>Universidad:<\/strong>\u00a0 Aut\u00f3noma de barcelona<\/li>\n<li><strong>Fecha de lectura de la tesis:<\/strong>\u00a0 01\/01\/1991<\/li>\n<\/ul>\n<p>&nbsp;<\/p>\n<h3>Direcci\u00f3n y tribunal<\/h3>\n<ul>\n<li><strong>Director de la tesis<\/strong>\n<ul>\n<li>Buenaventura Guamis Lopez<\/li>\n<\/ul>\n<\/li>\n<li><strong>Tribunal<\/strong>\n<ul>\n<li>Presidente del tribunal: Enrique Hern\u00e1ndez Jim\u00e9nez <\/li>\n<li>Juan  Antonio Ordo\u00f1ez Pereda (vocal)<\/li>\n<li>Manuel N\u00fa\u00f1ez  Guti\u00e9rrez (vocal)<\/li>\n<li>Esperanza Garay Amban (vocal)<\/li>\n<\/ul>\n<\/li>\n<\/ul>\n<p>&nbsp;<\/p>\n","protected":false},"excerpt":{"rendered":"<p>Tesis doctoral de Pla Soler M. Teresa Reyes Se evaluo la contaminacion microbiana de leche de oveja refrigerada a lo [&hellip;]<\/p>\n","protected":false},"author":1,"featured_media":0,"comment_status":"open","ping_status":"open","sticky":false,"template":"","format":"standard","meta":{"site-sidebar-layout":"default","site-content-layout":"","ast-site-content-layout":"","site-content-style":"default","site-sidebar-style":"default","ast-global-header-display":"","ast-banner-title-visibility":"","ast-main-header-display":"","ast-hfb-above-header-display":"","ast-hfb-below-header-display":"","ast-hfb-mobile-header-display":"","site-post-title":"","ast-breadcrumbs-content":"","ast-featured-img":"","footer-sml-layout":"","theme-transparent-header-meta":"","adv-header-id-meta":"","stick-header-meta":"","header-above-stick-meta":"","header-main-stick-meta":"","header-below-stick-meta":"","astra-migrate-meta-layouts":"default","ast-page-background-enabled":"default","ast-page-background-meta":{"desktop":{"background-color":"var(--ast-global-color-4)","background-image":"","background-repeat":"repeat","background-position":"center center","background-size":"auto","background-attachment":"scroll","background-type":"","background-media":"","overlay-type":"","overlay-color":"","overlay-gradient":""},"tablet":{"background-color":"","background-image":"","background-repeat":"repeat","background-position":"center center","background-size":"auto","background-attachment":"scroll","background-type":"","background-media":"","overlay-type":"","overlay-color":"","overlay-gradient":""},"mobile":{"background-color":"","background-image":"","background-repeat":"repeat","background-position":"center center","background-size":"auto","background-attachment":"scroll","background-type":"","background-media":"","overlay-type":"","overlay-color":"","overlay-gradient":""}},"ast-content-background-meta":{"desktop":{"background-color":"var(--ast-global-color-5)","background-image":"","background-repeat":"repeat","background-position":"center center","background-size":"auto","background-attachment":"scroll","background-type":"","background-media":"","overlay-type":"","overlay-color":"","overlay-gradient":""},"tablet":{"background-color":"var(--ast-global-color-5)","background-image":"","background-repeat":"repeat","background-position":"center center","background-size":"auto","background-attachment":"scroll","background-type":"","background-media":"","overlay-type":"","overlay-color":"","overlay-gradient":""},"mobile":{"background-color":"var(--ast-global-color-5)","background-image":"","background-repeat":"repeat","background-position":"center center","background-size":"auto","background-attachment":"scroll","background-type":"","background-media":"","overlay-type":"","overlay-color":"","overlay-gradient":""}},"footnotes":""},"categories":[332,4526,2390,1594],"tags":[37246,19561,251734,4433,24121,251733],"class_list":["post-137192","post","type-post","status-publish","format-standard","hentry","category-ciencias-tecnologicas","category-conservacion-de-alimentos","category-productos-derivados-de-los-lacteos","category-tecnologia-de-los-alimentos","tag-buenaventura-guamis-lopez","tag-enrique-hernandez-jimenez","tag-esperanza-garay-amban","tag-juan-antonio-ordonez-pereda","tag-manuel-nunez-gutierrez","tag-pla-soler-m-teresa-reyes"],"_links":{"self":[{"href":"https:\/\/www.deberes.net\/tesis\/wp-json\/wp\/v2\/posts\/137192","targetHints":{"allow":["GET"]}}],"collection":[{"href":"https:\/\/www.deberes.net\/tesis\/wp-json\/wp\/v2\/posts"}],"about":[{"href":"https:\/\/www.deberes.net\/tesis\/wp-json\/wp\/v2\/types\/post"}],"author":[{"embeddable":true,"href":"https:\/\/www.deberes.net\/tesis\/wp-json\/wp\/v2\/users\/1"}],"replies":[{"embeddable":true,"href":"https:\/\/www.deberes.net\/tesis\/wp-json\/wp\/v2\/comments?post=137192"}],"version-history":[{"count":0,"href":"https:\/\/www.deberes.net\/tesis\/wp-json\/wp\/v2\/posts\/137192\/revisions"}],"wp:attachment":[{"href":"https:\/\/www.deberes.net\/tesis\/wp-json\/wp\/v2\/media?parent=137192"}],"wp:term":[{"taxonomy":"category","embeddable":true,"href":"https:\/\/www.deberes.net\/tesis\/wp-json\/wp\/v2\/categories?post=137192"},{"taxonomy":"post_tag","embeddable":true,"href":"https:\/\/www.deberes.net\/tesis\/wp-json\/wp\/v2\/tags?post=137192"}],"curies":[{"name":"wp","href":"https:\/\/api.w.org\/{rel}","templated":true}]}}