{"id":13746,"date":"2001-12-11T00:00:00","date_gmt":"2001-12-11T00:00:00","guid":{"rendered":"https:\/\/www.deberes.net\/tesis\/sin-categoria\/analisis-de-la-movilidad-laboral-en-espana\/"},"modified":"2001-12-11T00:00:00","modified_gmt":"2001-12-11T00:00:00","slug":"analisis-de-la-movilidad-laboral-en-espana","status":"publish","type":"post","link":"https:\/\/www.deberes.net\/tesis\/ciencias-economicas\/analisis-de-la-movilidad-laboral-en-espana\/","title":{"rendered":"Analisis de la movilidad laboral en espa\u00f1a"},"content":{"rendered":"<h2>Tesis doctoral de <strong> Antonio Caparros Ru\u00edz <\/strong><\/h2>\n<p>En esta tesis se aborda el an\u00e1lisis de la movilidad laboral, concretamente, la movilidad externa de los trabajadores asalariados en espa\u00f1a. Para ellos se utiliza el panel de hogares de la uni\u00f3n europea para espa\u00f1a (phogue; ine 1996). Este encuesta permite realizar un seguimiento de las trayectorias laborales de los individuos, lo cual es un elemento necesario para realizar estudios sobre movilidad.  la tesis se inicia con una presentaci\u00f3n de las teor\u00edas sobre movilidad laboral y de los estudios emp\u00edricos existentes para espa\u00f1a. Posteriormente se muestra un an\u00e1lisis expl\u00edcito de los factores determinantes de la movilidad voluntaria frente a la involuntaria, para a continuaci\u00f3n valorar los aspectos monetarios de los abandonos voluntarios, es decir su influencia sobre los salarios.  para finalizar se analiza el colectivo m\u00e1s expuesto a sufrir la movilidad involuntaria, es decir los trabajadores temporales. En particular se observan, por una parte, sus transiciones hacia el empleo permanente; por otro lado, se estudian los perfiles temporales de riesgo de salida hacia dichos estados y la din\u00e1mica salarial de dichos trabajadores.<\/p>\n<p>&nbsp;<\/p>\n<h3>Datos acad\u00e9micos de la tesis doctoral \u00ab<strong>Analisis de la movilidad laboral en espa\u00f1a<\/strong>\u00ab<\/h3>\n<ul>\n<li><strong>T\u00edtulo de la tesis:<\/strong>\u00a0 Analisis de la movilidad laboral en espa\u00f1a <\/li>\n<li><strong>Autor:<\/strong>\u00a0 Antonio Caparros Ru\u00edz <\/li>\n<li><strong>Universidad:<\/strong>\u00a0 M\u00e1laga<\/li>\n<li><strong>Fecha de lectura de la tesis:<\/strong>\u00a0 12\/11\/2001<\/li>\n<\/ul>\n<p>&nbsp;<\/p>\n<h3>Direcci\u00f3n y tribunal<\/h3>\n<ul>\n<li><strong>Director de la tesis<\/strong>\n<ul>\n<li>Mar\u00eda Luc\u00eda Navarro G\u00f3mez<\/li>\n<\/ul>\n<\/li>\n<li><strong>Tribunal<\/strong>\n<ul>\n<li>Presidente del tribunal: matilde Arranz p\u00e9rez <\/li>\n<li> Cabrera s\u00e1nchez Juan  Manuel (vocal)<\/li>\n<li>Antonio Morillas raya (vocal)<\/li>\n<li>Ana Lozano vivas (vocal)<\/li>\n<\/ul>\n<\/li>\n<\/ul>\n<p>&nbsp;<\/p>\n","protected":false},"excerpt":{"rendered":"<p>Tesis doctoral de Antonio Caparros Ru\u00edz En esta tesis se aborda el an\u00e1lisis de la movilidad laboral, concretamente, la movilidad [&hellip;]<\/p>\n","protected":false},"author":1,"featured_media":0,"comment_status":"open","ping_status":"open","sticky":false,"template":"","format":"standard","meta":{"site-sidebar-layout":"default","site-content-layout":"","ast-site-content-layout":"","site-content-style":"default","site-sidebar-style":"default","ast-global-header-display":"","ast-banner-title-visibility":"","ast-main-header-display":"","ast-hfb-above-header-display":"","ast-hfb-below-header-display":"","ast-hfb-mobile-header-display":"","site-post-title":"","ast-breadcrumbs-content":"","ast-featured-img":"","footer-sml-layout":"","theme-transparent-header-meta":"","adv-header-id-meta":"","stick-header-meta":"","header-above-stick-meta":"","header-main-stick-meta":"","header-below-stick-meta":"","astra-migrate-meta-layouts":"default","ast-page-background-enabled":"default","ast-page-background-meta":{"desktop":{"background-color":"var(--ast-global-color-4)","background-image":"","background-repeat":"repeat","background-position":"center center","background-size":"auto","background-attachment":"scroll","background-type":"","background-media":"","overlay-type":"","overlay-color":"","overlay-gradient":""},"tablet":{"background-color":"","background-image":"","background-repeat":"repeat","background-position":"center center","background-size":"auto","background-attachment":"scroll","background-type":"","background-media":"","overlay-type":"","overlay-color":"","overlay-gradient":""},"mobile":{"background-color":"","background-image":"","background-repeat":"repeat","background-position":"center center","background-size":"auto","background-attachment":"scroll","background-type":"","background-media":"","overlay-type":"","overlay-color":"","overlay-gradient":""}},"ast-content-background-meta":{"desktop":{"background-color":"var(--ast-global-color-5)","background-image":"","background-repeat":"repeat","background-position":"center center","background-size":"auto","background-attachment":"scroll","background-type":"","background-media":"","overlay-type":"","overlay-color":"","overlay-gradient":""},"tablet":{"background-color":"var(--ast-global-color-5)","background-image":"","background-repeat":"repeat","background-position":"center center","background-size":"auto","background-attachment":"scroll","background-type":"","background-media":"","overlay-type":"","overlay-color":"","overlay-gradient":""},"mobile":{"background-color":"var(--ast-global-color-5)","background-image":"","background-repeat":"repeat","background-position":"center center","background-size":"auto","background-attachment":"scroll","background-type":"","background-media":"","overlay-type":"","overlay-color":"","overlay-gradient":""}},"footnotes":""},"categories":[82,974,7834,524,737,4725],"tags":[40817,44503,24808,26001,22395,44504],"class_list":["post-13746","post","type-post","status-publish","format-standard","hentry","category-ciencias-economicas","category-econometria","category-malaga","category-modelos-econometricos","category-teoria-economica","category-teoria-y-modelos-de-empleo","tag-ana-lozano-vivas","tag-antonio-caparros-ruiz","tag-antonio-morillas-raya","tag-cabrera-sanchez-juan-manuel","tag-maria-lucia-navarro-gomez","tag-matilde-arranz-perez"],"_links":{"self":[{"href":"https:\/\/www.deberes.net\/tesis\/wp-json\/wp\/v2\/posts\/13746","targetHints":{"allow":["GET"]}}],"collection":[{"href":"https:\/\/www.deberes.net\/tesis\/wp-json\/wp\/v2\/posts"}],"about":[{"href":"https:\/\/www.deberes.net\/tesis\/wp-json\/wp\/v2\/types\/post"}],"author":[{"embeddable":true,"href":"https:\/\/www.deberes.net\/tesis\/wp-json\/wp\/v2\/users\/1"}],"replies":[{"embeddable":true,"href":"https:\/\/www.deberes.net\/tesis\/wp-json\/wp\/v2\/comments?post=13746"}],"version-history":[{"count":0,"href":"https:\/\/www.deberes.net\/tesis\/wp-json\/wp\/v2\/posts\/13746\/revisions"}],"wp:attachment":[{"href":"https:\/\/www.deberes.net\/tesis\/wp-json\/wp\/v2\/media?parent=13746"}],"wp:term":[{"taxonomy":"category","embeddable":true,"href":"https:\/\/www.deberes.net\/tesis\/wp-json\/wp\/v2\/categories?post=13746"},{"taxonomy":"post_tag","embeddable":true,"href":"https:\/\/www.deberes.net\/tesis\/wp-json\/wp\/v2\/tags?post=13746"}],"curies":[{"name":"wp","href":"https:\/\/api.w.org\/{rel}","templated":true}]}}