{"id":13775,"date":"2018-03-09T09:00:11","date_gmt":"2018-03-09T09:00:11","guid":{"rendered":"https:\/\/www.deberes.net\/tesis\/sin-categoria\/el-ambito-subjetivo-individual-del-derecho-de-libertad-sindical-en-el-ordenamiento-juridico-espanol\/"},"modified":"2018-03-09T09:00:11","modified_gmt":"2018-03-09T09:00:11","slug":"el-ambito-subjetivo-individual-del-derecho-de-libertad-sindical-en-el-ordenamiento-juridico-espanol","status":"publish","type":"post","link":"https:\/\/www.deberes.net\/tesis\/ciencias-juridicas-y-derecho\/el-ambito-subjetivo-individual-del-derecho-de-libertad-sindical-en-el-ordenamiento-juridico-espanol\/","title":{"rendered":"El ambito subjetivo individual del derecho de libertad sindical en el ordenamiento juridico espa\u00f1ol"},"content":{"rendered":"<h2>Tesis doctoral de <strong> Teresa Velasco Portero <\/strong><\/h2>\n<p>La presente tesis se ha planteado como objetivo general la delimitaci\u00f3n del \u00e1mbito subjetivo individual del derecho de libertad sindical. Para ello se ha partido del an\u00e1lisis del art. 28.1 ce, a la luz de sus concordancias constitucionales y de lo establecido en nuestros compromisos internacionales, y se ha completado con el estudio de la prolija regulaci\u00f3n de desarrollo. esta normativa ha distinguido  m\u00faltiples situaciones subjetivas, ya que en funci\u00f3n de las especiales circunstancias concurrentes en determinados grupos de sujetos, el legislador ha adoptado diversas medidas en orden a delimitar la titularidad del derecho o a limitar, exceptuar o peculiarizar su ejercicio. As\u00ed, definidos de manera general los sujetos titulares del derecho de libertad sindical consagrado en el art\u00edculo 28.1 ce, se ha aplicado definici\u00f3n a grupos de sujetos que se apartan del r\u00e9gimen general de ejercicio del derecho de libertad sindical. Con respecto a cada uno de dichos grupos de sujetos, se ha expuesto y justificado el r\u00e9gimen jur\u00eddico especial de ejercicio del derecho, y en los casos de colectivos no incluidos en el \u00e1mbito subjetivo del derecho, se han expuesto sus medios de defensa de intereses colectivos. En todo caso, se han hecho propuestas de reforma de la legislaci\u00f3n vigente para lograr una plena consecuci\u00f3n de la realizaci\u00f3n del derecho de libertad sindical.  la originalidad y la innovaci\u00f3n del trabajo corresponden fundamentalmente a la forma interdisciplinar y sistem\u00e1tica de abordar el objeto. La libertad sindical se ha venido estudiando principalmente desde el punto de vista laboral, sin profundizar en su car\u00e1cter de derecho humano y de derecho fundamental. En este trabajo se parte del convencimiento de que estas facetas de la naturaleza del derecho son claves para el an\u00e1lisis de su r\u00e9gimen legal. Por otra parte, si bien existen numerosos estudios sobre el r\u00e9gimen de ejercicio del derecho de libertad sindical configurado con<\/p>\n<p>&nbsp;<\/p>\n<h3>Datos acad\u00e9micos de la tesis doctoral \u00ab<strong>El ambito subjetivo individual del derecho de libertad sindical en el ordenamiento juridico espa\u00f1ol<\/strong>\u00ab<\/h3>\n<ul>\n<li><strong>T\u00edtulo de la tesis:<\/strong>\u00a0 El ambito subjetivo individual del derecho de libertad sindical en el ordenamiento juridico espa\u00f1ol <\/li>\n<li><strong>Autor:<\/strong>\u00a0 Teresa Velasco Portero <\/li>\n<li><strong>Universidad:<\/strong>\u00a0 Deusto<\/li>\n<li><strong>Fecha de lectura de la tesis:<\/strong>\u00a0 13\/11\/2001<\/li>\n<\/ul>\n<p>&nbsp;<\/p>\n<h3>Direcci\u00f3n y tribunal<\/h3>\n<ul>\n<li><strong>Director de la tesis<\/strong>\n<ul>\n<li>lan Buades Rul<\/li>\n<\/ul>\n<\/li>\n<li><strong>Tribunal<\/strong>\n<ul>\n<li>Presidente del tribunal: salvador Del rey guanter <\/li>\n<li>Francisco Antonio Aleman paez (vocal)<\/li>\n<li>eva Garrido perez (vocal)<\/li>\n<li> Manrique lopez victor Fernando (vocal)<\/li>\n<\/ul>\n<\/li>\n<\/ul>\n<p>&nbsp;<\/p>\n","protected":false},"excerpt":{"rendered":"<p>Tesis doctoral de Teresa Velasco Portero La presente tesis se ha planteado como objetivo general la delimitaci\u00f3n del \u00e1mbito subjetivo [&hellip;]<\/p>\n","protected":false},"author":1,"featured_media":0,"comment_status":"open","ping_status":"open","sticky":false,"template":"","format":"standard","meta":{"site-sidebar-layout":"default","site-content-layout":"","ast-site-content-layout":"","site-content-style":"default","site-sidebar-style":"default","ast-global-header-display":"","ast-banner-title-visibility":"","ast-main-header-display":"","ast-hfb-above-header-display":"","ast-hfb-below-header-display":"","ast-hfb-mobile-header-display":"","site-post-title":"","ast-breadcrumbs-content":"","ast-featured-img":"","footer-sml-layout":"","theme-transparent-header-meta":"","adv-header-id-meta":"","stick-header-meta":"","header-above-stick-meta":"","header-main-stick-meta":"","header-below-stick-meta":"","astra-migrate-meta-layouts":"default","ast-page-background-enabled":"default","ast-page-background-meta":{"desktop":{"background-color":"var(--ast-global-color-4)","background-image":"","background-repeat":"repeat","background-position":"center center","background-size":"auto","background-attachment":"scroll","background-type":"","background-media":"","overlay-type":"","overlay-color":"","overlay-gradient":""},"tablet":{"background-color":"","background-image":"","background-repeat":"repeat","background-position":"center center","background-size":"auto","background-attachment":"scroll","background-type":"","background-media":"","overlay-type":"","overlay-color":"","overlay-gradient":""},"mobile":{"background-color":"","background-image":"","background-repeat":"repeat","background-position":"center center","background-size":"auto","background-attachment":"scroll","background-type":"","background-media":"","overlay-type":"","overlay-color":"","overlay-gradient":""}},"ast-content-background-meta":{"desktop":{"background-color":"var(--ast-global-color-5)","background-image":"","background-repeat":"repeat","background-position":"center center","background-size":"auto","background-attachment":"scroll","background-type":"","background-media":"","overlay-type":"","overlay-color":"","overlay-gradient":""},"tablet":{"background-color":"var(--ast-global-color-5)","background-image":"","background-repeat":"repeat","background-position":"center center","background-size":"auto","background-attachment":"scroll","background-type":"","background-media":"","overlay-type":"","overlay-color":"","overlay-gradient":""},"mobile":{"background-color":"var(--ast-global-color-5)","background-image":"","background-repeat":"repeat","background-position":"center center","background-size":"auto","background-attachment":"scroll","background-type":"","background-media":"","overlay-type":"","overlay-color":"","overlay-gradient":""}},"footnotes":""},"categories":[612,1450,2170,979,31910],"tags":[44587,44586,44585,31977,2175,44584],"class_list":["post-13775","post","type-post","status-publish","format-standard","hentry","category-ciencias-juridicas-y-derecho","category-derecho-constitucional","category-derecho-del-trabajo-y-de-la-seguridad-social","category-derecho-y-legislacion-nacionales","category-deusto","tag-eva-garrido-perez","tag-francisco-antonio-aleman-paez","tag-lan-buades-rul","tag-manrique-lopez-victor-fernando","tag-salvador-del-rey-guanter","tag-teresa-velasco-portero"],"_links":{"self":[{"href":"https:\/\/www.deberes.net\/tesis\/wp-json\/wp\/v2\/posts\/13775","targetHints":{"allow":["GET"]}}],"collection":[{"href":"https:\/\/www.deberes.net\/tesis\/wp-json\/wp\/v2\/posts"}],"about":[{"href":"https:\/\/www.deberes.net\/tesis\/wp-json\/wp\/v2\/types\/post"}],"author":[{"embeddable":true,"href":"https:\/\/www.deberes.net\/tesis\/wp-json\/wp\/v2\/users\/1"}],"replies":[{"embeddable":true,"href":"https:\/\/www.deberes.net\/tesis\/wp-json\/wp\/v2\/comments?post=13775"}],"version-history":[{"count":0,"href":"https:\/\/www.deberes.net\/tesis\/wp-json\/wp\/v2\/posts\/13775\/revisions"}],"wp:attachment":[{"href":"https:\/\/www.deberes.net\/tesis\/wp-json\/wp\/v2\/media?parent=13775"}],"wp:term":[{"taxonomy":"category","embeddable":true,"href":"https:\/\/www.deberes.net\/tesis\/wp-json\/wp\/v2\/categories?post=13775"},{"taxonomy":"post_tag","embeddable":true,"href":"https:\/\/www.deberes.net\/tesis\/wp-json\/wp\/v2\/tags?post=13775"}],"curies":[{"name":"wp","href":"https:\/\/api.w.org\/{rel}","templated":true}]}}