{"id":137941,"date":"2026-01-12T17:09:25","date_gmt":"2026-01-12T17:09:25","guid":{"rendered":"https:\/\/www.deberes.net\/tesis\/sin-categoria\/modelos-economicos-de-dinamica-compleja\/"},"modified":"2026-01-12T17:09:25","modified_gmt":"2026-01-12T17:09:25","slug":"modelos-economicos-de-dinamica-compleja","status":"publish","type":"post","link":"https:\/\/www.deberes.net\/tesis\/ciencias-economicas\/modelos-economicos-de-dinamica-compleja\/","title":{"rendered":"\u00abmodelos economicos de dinamica compleja\u00bb"},"content":{"rendered":"<h2>Tesis doctoral de <strong> Francisco De As\u00eds Galera Peral <\/strong><\/h2>\n<p>En esta tesis se construyen dos modelos economicos de dinamica compleja. En primer lugar se analiza la causa de la complejidad que se produce en los sistemas dinamicos, y se encuentra en la existencia de un doble efecto contrario en las fuerzas que lo gobiernan.  ademas, se establece una hipotesis que es nueva en su aplicacion a la economia: la posibilidad de construir sistemas dinamicos no simultaneos gobernados por mas de una funcion. Las consecuencias dinamicas de esta hipotesis se ilustran en el segundo modelo.  el primer modelo considera las condiciones bajo las cuales la evolucion del numero de agentes que eligen una actividad productiva buscando su propio interes y teniendo en cuenta sus posibles expectativas puede seguir un comportamiento complejo; y este estudio se hace tanto en un marco de equilibrio parcial como de equilibrio general.  en el segundo modelo se estudia la estabilidad dinamica de un mercado competitivo con ajuste de precios proporcional al exceso de demanda, con ecuaciones en diferencias, y haciendo la hipotesis nueva de la existencia de varios subastadores en lugar de uno solo.  se llega al resultado de que puede existir un equilibrio que, con el mismo ajuste de precios, se puede comportar de modo estable y de modo inestable al mismo tiempo.<\/p>\n<p>&nbsp;<\/p>\n<h3>Datos acad\u00e9micos de la tesis doctoral \u00ab<strong>\u00abmodelos economicos de dinamica compleja\u00bb<\/strong>\u00ab<\/h3>\n<ul>\n<li><strong>T\u00edtulo de la tesis:<\/strong>\u00a0 \u00abmodelos economicos de dinamica compleja\u00bb <\/li>\n<li><strong>Autor:<\/strong>\u00a0 Francisco De As\u00eds Galera Peral <\/li>\n<li><strong>Universidad:<\/strong>\u00a0 Navarra<\/li>\n<li><strong>Fecha de lectura de la tesis:<\/strong>\u00a0 01\/01\/1991<\/li>\n<\/ul>\n<p>&nbsp;<\/p>\n<h3>Direcci\u00f3n y tribunal<\/h3>\n<ul>\n<li><strong>Director de la tesis<\/strong>\n<ul>\n<li>Jos\u00e9 Miguel Sanchez  Molinero<\/li>\n<\/ul>\n<\/li>\n<li><strong>Tribunal<\/strong>\n<ul>\n<li>Presidente del tribunal: Miguel Alfonso Mart\u00ednez-echevarr\u00eda Ortega <\/li>\n<li>Rafael Rubio De Urquia (vocal)<\/li>\n<li>Jos\u00e9 Antonio Garc\u00eda Dur\u00e1n De Lara (vocal)<\/li>\n<li>Antonio Argandona Ramiz (vocal)<\/li>\n<\/ul>\n<\/li>\n<\/ul>\n<p>&nbsp;<\/p>\n","protected":false},"excerpt":{"rendered":"<p>Tesis doctoral de Francisco De As\u00eds Galera Peral En esta tesis se construyen dos modelos economicos de dinamica compleja. En [&hellip;]<\/p>\n","protected":false},"author":1,"featured_media":0,"comment_status":"open","ping_status":"open","sticky":false,"template":"","format":"standard","meta":{"site-sidebar-layout":"default","site-content-layout":"","ast-site-content-layout":"","site-content-style":"default","site-sidebar-style":"default","ast-global-header-display":"","ast-banner-title-visibility":"","ast-main-header-display":"","ast-hfb-above-header-display":"","ast-hfb-below-header-display":"","ast-hfb-mobile-header-display":"","site-post-title":"","ast-breadcrumbs-content":"","ast-featured-img":"","footer-sml-layout":"","theme-transparent-header-meta":"","adv-header-id-meta":"","stick-header-meta":"","header-above-stick-meta":"","header-main-stick-meta":"","header-below-stick-meta":"","astra-migrate-meta-layouts":"default","ast-page-background-enabled":"default","ast-page-background-meta":{"desktop":{"background-color":"var(--ast-global-color-4)","background-image":"","background-repeat":"repeat","background-position":"center center","background-size":"auto","background-attachment":"scroll","background-type":"","background-media":"","overlay-type":"","overlay-color":"","overlay-gradient":""},"tablet":{"background-color":"","background-image":"","background-repeat":"repeat","background-position":"center center","background-size":"auto","background-attachment":"scroll","background-type":"","background-media":"","overlay-type":"","overlay-color":"","overlay-gradient":""},"mobile":{"background-color":"","background-image":"","background-repeat":"repeat","background-position":"center center","background-size":"auto","background-attachment":"scroll","background-type":"","background-media":"","overlay-type":"","overlay-color":"","overlay-gradient":""}},"ast-content-background-meta":{"desktop":{"background-color":"var(--ast-global-color-5)","background-image":"","background-repeat":"repeat","background-position":"center center","background-size":"auto","background-attachment":"scroll","background-type":"","background-media":"","overlay-type":"","overlay-color":"","overlay-gradient":""},"tablet":{"background-color":"var(--ast-global-color-5)","background-image":"","background-repeat":"repeat","background-position":"center center","background-size":"auto","background-attachment":"scroll","background-type":"","background-media":"","overlay-type":"","overlay-color":"","overlay-gradient":""},"mobile":{"background-color":"var(--ast-global-color-5)","background-image":"","background-repeat":"repeat","background-position":"center center","background-size":"auto","background-attachment":"scroll","background-type":"","background-media":"","overlay-type":"","overlay-color":"","overlay-gradient":""}},"footnotes":""},"categories":[82,18716,17749,737],"tags":[12788,43063,12680,12787,17987,32383],"class_list":["post-137941","post","type-post","status-publish","format-standard","hentry","category-ciencias-economicas","category-fluctuaciones-economicas","category-navarra","category-teoria-economica","tag-antonio-argandona-ramiz","tag-francisco-de-asis-galera-peral","tag-jose-antonio-garcia-duran-de-lara","tag-jose-miguel-sanchez-molinero","tag-miguel-alfonso-Martinez-echevarria-ortega","tag-rafael-rubio-de-urquia"],"_links":{"self":[{"href":"https:\/\/www.deberes.net\/tesis\/wp-json\/wp\/v2\/posts\/137941","targetHints":{"allow":["GET"]}}],"collection":[{"href":"https:\/\/www.deberes.net\/tesis\/wp-json\/wp\/v2\/posts"}],"about":[{"href":"https:\/\/www.deberes.net\/tesis\/wp-json\/wp\/v2\/types\/post"}],"author":[{"embeddable":true,"href":"https:\/\/www.deberes.net\/tesis\/wp-json\/wp\/v2\/users\/1"}],"replies":[{"embeddable":true,"href":"https:\/\/www.deberes.net\/tesis\/wp-json\/wp\/v2\/comments?post=137941"}],"version-history":[{"count":0,"href":"https:\/\/www.deberes.net\/tesis\/wp-json\/wp\/v2\/posts\/137941\/revisions"}],"wp:attachment":[{"href":"https:\/\/www.deberes.net\/tesis\/wp-json\/wp\/v2\/media?parent=137941"}],"wp:term":[{"taxonomy":"category","embeddable":true,"href":"https:\/\/www.deberes.net\/tesis\/wp-json\/wp\/v2\/categories?post=137941"},{"taxonomy":"post_tag","embeddable":true,"href":"https:\/\/www.deberes.net\/tesis\/wp-json\/wp\/v2\/tags?post=137941"}],"curies":[{"name":"wp","href":"https:\/\/api.w.org\/{rel}","templated":true}]}}