{"id":137944,"date":"2026-01-12T17:09:30","date_gmt":"2026-01-12T17:09:30","guid":{"rendered":"https:\/\/www.deberes.net\/tesis\/sin-categoria\/naturaleza-de-la-funcion-del-director-de-centros-educativos\/"},"modified":"2026-01-12T17:09:30","modified_gmt":"2026-01-12T17:09:30","slug":"naturaleza-de-la-funcion-del-director-de-centros-educativos","status":"publish","type":"post","link":"https:\/\/www.deberes.net\/tesis\/pedagogia\/naturaleza-de-la-funcion-del-director-de-centros-educativos\/","title":{"rendered":"Naturaleza de la funcion del director de centros educativos"},"content":{"rendered":"<h2>Tesis doctoral de <strong> Leticia Garcia Cepeda <\/strong><\/h2>\n<p>Investigacion analitico-descriptiva y estudio de campo.  objetivo: \u00abdescribir la naturaleza de la funcion del director, especificando los criterios fundamentales para su analisis y desarrollo\u00bb. Se logro: 1) con el examen bibliografico, reconocer los estudios mas sobresalientes para sus aportaciones a la direccion y organizacion de centros. 2) especificar caracteristicas fundamentales de la direccion eficaz. 3) detectar un acuerdo general, respecto a la importancia del director, no solo como lider tecnico-administrativo y orientador del proceso docente; sino tambien, como la persona que ejerce una autoridad basada en el servicio al bien comun, traducido en una educacion de calidad, mediante un trabajo coordinado, coherente y participativo. 4) definir y especificar los criterios esenciales de la direccion para un diagnostico en la practica. 5) dise\u00f1ar y aplicar una encuesta, cuestionario, entrevista y observacion, a 22 directores de puebla, mexico. Se encontro que realizan una funcion mas bien burocratica y que es necesario capacitarles para un ejercicio eficiente e integral.<\/p>\n<p>&nbsp;<\/p>\n<h3>Datos acad\u00e9micos de la tesis doctoral \u00ab<strong>Naturaleza de la funcion del director de centros educativos<\/strong>\u00ab<\/h3>\n<ul>\n<li><strong>T\u00edtulo de la tesis:<\/strong>\u00a0 Naturaleza de la funcion del director de centros educativos <\/li>\n<li><strong>Autor:<\/strong>\u00a0 Leticia Garcia Cepeda <\/li>\n<li><strong>Universidad:<\/strong>\u00a0 Navarra<\/li>\n<li><strong>Fecha de lectura de la tesis:<\/strong>\u00a0 01\/01\/1991<\/li>\n<\/ul>\n<p>&nbsp;<\/p>\n<h3>Direcci\u00f3n y tribunal<\/h3>\n<ul>\n<li><strong>Director de la tesis<\/strong>\n<ul>\n<li>David Isaacs<\/li>\n<\/ul>\n<\/li>\n<li><strong>Tribunal<\/strong>\n<ul>\n<li>Presidente del tribunal: Rogelio Medina Rubio <\/li>\n<li>Francisco Javier Tour\u00f3n Figueroa (vocal)<\/li>\n<li> Gonzalez-simancas Lacasa Jos\u00e9 Luis (vocal)<\/li>\n<li>Jos\u00e9 Miguel Ponce N\u00fa\u00f1ez (vocal)<\/li>\n<\/ul>\n<\/li>\n<\/ul>\n<p>&nbsp;<\/p>\n","protected":false},"excerpt":{"rendered":"<p>Tesis doctoral de Leticia Garcia Cepeda Investigacion analitico-descriptiva y estudio de campo. objetivo: \u00abdescribir la naturaleza de la funcion del [&hellip;]<\/p>\n","protected":false},"author":1,"featured_media":0,"comment_status":"open","ping_status":"open","sticky":false,"template":"","format":"standard","meta":{"site-sidebar-layout":"default","site-content-layout":"","ast-site-content-layout":"","site-content-style":"default","site-sidebar-style":"default","ast-global-header-display":"","ast-banner-title-visibility":"","ast-main-header-display":"","ast-hfb-above-header-display":"","ast-hfb-below-header-display":"","ast-hfb-mobile-header-display":"","site-post-title":"","ast-breadcrumbs-content":"","ast-featured-img":"","footer-sml-layout":"","theme-transparent-header-meta":"","adv-header-id-meta":"","stick-header-meta":"","header-above-stick-meta":"","header-main-stick-meta":"","header-below-stick-meta":"","astra-migrate-meta-layouts":"default","ast-page-background-enabled":"default","ast-page-background-meta":{"desktop":{"background-color":"var(--ast-global-color-4)","background-image":"","background-repeat":"repeat","background-position":"center center","background-size":"auto","background-attachment":"scroll","background-type":"","background-media":"","overlay-type":"","overlay-color":"","overlay-gradient":""},"tablet":{"background-color":"","background-image":"","background-repeat":"repeat","background-position":"center center","background-size":"auto","background-attachment":"scroll","background-type":"","background-media":"","overlay-type":"","overlay-color":"","overlay-gradient":""},"mobile":{"background-color":"","background-image":"","background-repeat":"repeat","background-position":"center center","background-size":"auto","background-attachment":"scroll","background-type":"","background-media":"","overlay-type":"","overlay-color":"","overlay-gradient":""}},"ast-content-background-meta":{"desktop":{"background-color":"var(--ast-global-color-5)","background-image":"","background-repeat":"repeat","background-position":"center center","background-size":"auto","background-attachment":"scroll","background-type":"","background-media":"","overlay-type":"","overlay-color":"","overlay-gradient":""},"tablet":{"background-color":"var(--ast-global-color-5)","background-image":"","background-repeat":"repeat","background-position":"center center","background-size":"auto","background-attachment":"scroll","background-type":"","background-media":"","overlay-type":"","overlay-color":"","overlay-gradient":""},"mobile":{"background-color":"var(--ast-global-color-5)","background-image":"","background-repeat":"repeat","background-position":"center center","background-size":"auto","background-attachment":"scroll","background-type":"","background-media":"","overlay-type":"","overlay-color":"","overlay-gradient":""}},"footnotes":""},"categories":[17749,7611,1184,1141],"tags":[67842,17961,89330,18270,252473,7625],"class_list":["post-137944","post","type-post","status-publish","format-standard","hentry","category-navarra","category-organizacion-y-direccion-de-las-instituciones-educativas","category-organizacion-y-planificacion-de-la-educacion","category-pedagogia","tag-david-isaacs","tag-francisco-javier-touron-figueroa","tag-gonzalez-simancas-lacasa-jose-luis","tag-jose-miguel-ponce-nunez","tag-leticia-garcia-cepeda","tag-rogelio-medina-rubio"],"_links":{"self":[{"href":"https:\/\/www.deberes.net\/tesis\/wp-json\/wp\/v2\/posts\/137944","targetHints":{"allow":["GET"]}}],"collection":[{"href":"https:\/\/www.deberes.net\/tesis\/wp-json\/wp\/v2\/posts"}],"about":[{"href":"https:\/\/www.deberes.net\/tesis\/wp-json\/wp\/v2\/types\/post"}],"author":[{"embeddable":true,"href":"https:\/\/www.deberes.net\/tesis\/wp-json\/wp\/v2\/users\/1"}],"replies":[{"embeddable":true,"href":"https:\/\/www.deberes.net\/tesis\/wp-json\/wp\/v2\/comments?post=137944"}],"version-history":[{"count":0,"href":"https:\/\/www.deberes.net\/tesis\/wp-json\/wp\/v2\/posts\/137944\/revisions"}],"wp:attachment":[{"href":"https:\/\/www.deberes.net\/tesis\/wp-json\/wp\/v2\/media?parent=137944"}],"wp:term":[{"taxonomy":"category","embeddable":true,"href":"https:\/\/www.deberes.net\/tesis\/wp-json\/wp\/v2\/categories?post=137944"},{"taxonomy":"post_tag","embeddable":true,"href":"https:\/\/www.deberes.net\/tesis\/wp-json\/wp\/v2\/tags?post=137944"}],"curies":[{"name":"wp","href":"https:\/\/api.w.org\/{rel}","templated":true}]}}