{"id":137973,"date":"2026-01-12T17:09:41","date_gmt":"2026-01-12T17:09:41","guid":{"rendered":"https:\/\/www.deberes.net\/tesis\/sin-categoria\/contribucion-al-diagnostico-y-profilaxis-vacunal-de-la-brucelosis-ovina\/"},"modified":"2026-01-12T17:09:41","modified_gmt":"2026-01-12T17:09:41","slug":"contribucion-al-diagnostico-y-profilaxis-vacunal-de-la-brucelosis-ovina","status":"publish","type":"post","link":"https:\/\/www.deberes.net\/tesis\/ciencias-agrarias\/contribucion-al-diagnostico-y-profilaxis-vacunal-de-la-brucelosis-ovina\/","title":{"rendered":"Contribucion al diagnostico y profilaxis vacunal de la brucelosis ovina"},"content":{"rendered":"<h2>Tesis doctoral de <strong>  Jimenez De Bagues Picazo M. Pilar <\/strong><\/h2>\n<p>La sensibilidad de un elisa para el diagnostico de la infeccion por b. Melitensis en ovino fue del 100%, en comparacion con otras pruebas serologicas que presentaron una sensibilidad superior al 90%. Sin embargo, ninguna fue completamente especifica para la diferenciacion de la respuesta serologica de los animales infectados de la debida a una vacunacion reciente con rev1 administrada por via subcutanea. La vacunacion conjuntival resulto el sistema mas adecuado para reducir la intensidad y duracion de la respuesta serologica post-vacunal. En este trabajo se ha demostrado tambien la patogenicidad de la vacuna rev1 de b. Melitensis en ovejas gestantes. El n.  de abortos producidos no parece depender del origen de la cepa y si de la via de administracion y del periodo de gestacion. Se ha puesto a punto un modelo murino para el estudio de la infeccion por b. Ovis, en el que se determino que la administracion de un antigeno durante la fase cronica no modifica la evolucion de la infeccion esplenica y que las vacunas vivas rev1 (b. Melitensis) y s2 (b. Suis) fueron eficaces frente a b. Ovis.<\/p>\n<p>&nbsp;<\/p>\n<h3>Datos acad\u00e9micos de la tesis doctoral \u00ab<strong>Contribucion al diagnostico y profilaxis vacunal de la brucelosis ovina<\/strong>\u00ab<\/h3>\n<ul>\n<li><strong>T\u00edtulo de la tesis:<\/strong>\u00a0 Contribucion al diagnostico y profilaxis vacunal de la brucelosis ovina <\/li>\n<li><strong>Autor:<\/strong>\u00a0  Jimenez De Bagues Picazo M. Pilar <\/li>\n<li><strong>Universidad:<\/strong>\u00a0 Navarra<\/li>\n<li><strong>Fecha de lectura de la tesis:<\/strong>\u00a0 01\/01\/1991<\/li>\n<\/ul>\n<p>&nbsp;<\/p>\n<h3>Direcci\u00f3n y tribunal<\/h3>\n<ul>\n<li><strong>Director de la tesis<\/strong>\n<ul>\n<li>Jos\u00e9 Mar\u00eda Blasco Martinez<\/li>\n<\/ul>\n<\/li>\n<li><strong>Tribunal<\/strong>\n<ul>\n<li>Presidente del tribunal: Mar\u00eda Pilar Sesma Egozcue <\/li>\n<li>Ram\u00f3n Luis D\u00edaz Garc\u00eda (vocal)<\/li>\n<li>Javier Ducha Salda\u00f1a (vocal)<\/li>\n<li>Clara Mar\u00eda Mar\u00edn Alcala (vocal)<\/li>\n<\/ul>\n<\/li>\n<\/ul>\n<p>&nbsp;<\/p>\n","protected":false},"excerpt":{"rendered":"<p>Tesis doctoral de Jimenez De Bagues Picazo M. Pilar La sensibilidad de un elisa para el diagnostico de la infeccion [&hellip;]<\/p>\n","protected":false},"author":1,"featured_media":0,"comment_status":"open","ping_status":"open","sticky":false,"template":"","format":"standard","meta":{"site-sidebar-layout":"default","site-content-layout":"","ast-site-content-layout":"","site-content-style":"default","site-sidebar-style":"default","ast-global-header-display":"","ast-banner-title-visibility":"","ast-main-header-display":"","ast-hfb-above-header-display":"","ast-hfb-below-header-display":"","ast-hfb-mobile-header-display":"","site-post-title":"","ast-breadcrumbs-content":"","ast-featured-img":"","footer-sml-layout":"","theme-transparent-header-meta":"","adv-header-id-meta":"","stick-header-meta":"","header-above-stick-meta":"","header-main-stick-meta":"","header-below-stick-meta":"","astra-migrate-meta-layouts":"default","ast-page-background-enabled":"default","ast-page-background-meta":{"desktop":{"background-color":"var(--ast-global-color-4)","background-image":"","background-repeat":"repeat","background-position":"center center","background-size":"auto","background-attachment":"scroll","background-type":"","background-media":"","overlay-type":"","overlay-color":"","overlay-gradient":""},"tablet":{"background-color":"","background-image":"","background-repeat":"repeat","background-position":"center center","background-size":"auto","background-attachment":"scroll","background-type":"","background-media":"","overlay-type":"","overlay-color":"","overlay-gradient":""},"mobile":{"background-color":"","background-image":"","background-repeat":"repeat","background-position":"center center","background-size":"auto","background-attachment":"scroll","background-type":"","background-media":"","overlay-type":"","overlay-color":"","overlay-gradient":""}},"ast-content-background-meta":{"desktop":{"background-color":"var(--ast-global-color-5)","background-image":"","background-repeat":"repeat","background-position":"center center","background-size":"auto","background-attachment":"scroll","background-type":"","background-media":"","overlay-type":"","overlay-color":"","overlay-gradient":""},"tablet":{"background-color":"var(--ast-global-color-5)","background-image":"","background-repeat":"repeat","background-position":"center center","background-size":"auto","background-attachment":"scroll","background-type":"","background-media":"","overlay-type":"","overlay-color":"","overlay-gradient":""},"mobile":{"background-color":"var(--ast-global-color-5)","background-image":"","background-repeat":"repeat","background-position":"center center","background-size":"auto","background-attachment":"scroll","background-type":"","background-media":"","overlay-type":"","overlay-color":"","overlay-gradient":""}},"footnotes":""},"categories":[494,515,17749,495],"tags":[47428,252502,252501,43302,17855,10691],"class_list":["post-137973","post","type-post","status-publish","format-standard","hentry","category-ciencias-agrarias","category-ciencias-veterinarias","category-navarra","category-patologia-veterinaria","tag-clara-maria-marin-alcala","tag-javier-ducha-saldana","tag-jimenez-de-bagues-picazo-m-pilar","tag-jose-maria-blasco-Martinez","tag-maria-pilar-sesma-egozcue","tag-ramon-luis-diaz-garcia"],"_links":{"self":[{"href":"https:\/\/www.deberes.net\/tesis\/wp-json\/wp\/v2\/posts\/137973","targetHints":{"allow":["GET"]}}],"collection":[{"href":"https:\/\/www.deberes.net\/tesis\/wp-json\/wp\/v2\/posts"}],"about":[{"href":"https:\/\/www.deberes.net\/tesis\/wp-json\/wp\/v2\/types\/post"}],"author":[{"embeddable":true,"href":"https:\/\/www.deberes.net\/tesis\/wp-json\/wp\/v2\/users\/1"}],"replies":[{"embeddable":true,"href":"https:\/\/www.deberes.net\/tesis\/wp-json\/wp\/v2\/comments?post=137973"}],"version-history":[{"count":0,"href":"https:\/\/www.deberes.net\/tesis\/wp-json\/wp\/v2\/posts\/137973\/revisions"}],"wp:attachment":[{"href":"https:\/\/www.deberes.net\/tesis\/wp-json\/wp\/v2\/media?parent=137973"}],"wp:term":[{"taxonomy":"category","embeddable":true,"href":"https:\/\/www.deberes.net\/tesis\/wp-json\/wp\/v2\/categories?post=137973"},{"taxonomy":"post_tag","embeddable":true,"href":"https:\/\/www.deberes.net\/tesis\/wp-json\/wp\/v2\/tags?post=137973"}],"curies":[{"name":"wp","href":"https:\/\/api.w.org\/{rel}","templated":true}]}}