{"id":138012,"date":"2026-01-12T17:10:01","date_gmt":"2026-01-12T17:10:01","guid":{"rendered":"https:\/\/www.deberes.net\/tesis\/sin-categoria\/el-trabajo-de-eclesiasticos-y-de-religiosos-en-el-derecho-espanol\/"},"modified":"2026-01-12T17:10:01","modified_gmt":"2026-01-12T17:10:01","slug":"el-trabajo-de-eclesiasticos-y-de-religiosos-en-el-derecho-espanol","status":"publish","type":"post","link":"https:\/\/www.deberes.net\/tesis\/ciencias-juridicas-y-derecho\/el-trabajo-de-eclesiasticos-y-de-religiosos-en-el-derecho-espanol\/","title":{"rendered":"El trabajo de eclesiasticos y de religiosos en el derecho espa\u00f1ol."},"content":{"rendered":"<h2>Tesis doctoral de <strong> Jorge Otaduy Guerin <\/strong><\/h2>\n<p>La legislacion espa\u00f1ola reciente en materia de asistencia religiosa en los hospitales publicos, en las fuerzas armadas y en los centros penitenciarios, y tambien en materia de ense\u00f1anza de la religion en centros docentes del estado, se ocupa de precisar lo relativo a la vinculacion juridica del personal eclesiastico que presta los servicios. Se aprecia una marcada tendencia hacia la constitucion de relaciones juridicas de naturaleza administrativa aunque no se descarta el recurso al contrato de trabajo.  la relacion ministerial de los clerigos con las estructuras eclesiasticas de dependencia se rige por el derecho canonico. Los religiosos, por su parte, desempe\u00f1an tareas de relevancia social en el campo, sobre todo, de la ense\u00f1anza y de la asistencia sanitaria. El derecho espa\u00f1ol excluye del ambito laboral a los religiosos cuando trabajan al servicio del propio instituto. En el ambito del servicio a terceros cabe la posibilidad de establecer relaciones juridicas individuales en el marco del derecho administrativo o laboral. Generalmente, los religiosos eluden esas relaciones individuales de servicio y proceden a la constitucion de convenios entre el instituto religioso y la entidad en la cual trabajan.<\/p>\n<p>&nbsp;<\/p>\n<h3>Datos acad\u00e9micos de la tesis doctoral \u00ab<strong>El trabajo de eclesiasticos y de religiosos en el derecho espa\u00f1ol.<\/strong>\u00ab<\/h3>\n<ul>\n<li><strong>T\u00edtulo de la tesis:<\/strong>\u00a0 El trabajo de eclesiasticos y de religiosos en el derecho espa\u00f1ol. <\/li>\n<li><strong>Autor:<\/strong>\u00a0 Jorge Otaduy Guerin <\/li>\n<li><strong>Universidad:<\/strong>\u00a0 Navarra<\/li>\n<li><strong>Fecha de lectura de la tesis:<\/strong>\u00a0 01\/01\/1991<\/li>\n<\/ul>\n<p>&nbsp;<\/p>\n<h3>Direcci\u00f3n y tribunal<\/h3>\n<ul>\n<li><strong>Director de la tesis<\/strong>\n<ul>\n<li>Eduardo Molano Gragera<\/li>\n<\/ul>\n<\/li>\n<li><strong>Tribunal<\/strong>\n<ul>\n<li>Presidente del tribunal: Amadeo Fuenmayor Champin <\/li>\n<li>Isidoro Mart\u00edn S\u00e1nchez (vocal)<\/li>\n<li>Carmelo De Diego Lora (vocal)<\/li>\n<li>Juan Fornes De La Rosa (vocal)<\/li>\n<\/ul>\n<\/li>\n<\/ul>\n<p>&nbsp;<\/p>\n","protected":false},"excerpt":{"rendered":"<p>Tesis doctoral de Jorge Otaduy Guerin La legislacion espa\u00f1ola reciente en materia de asistencia religiosa en los hospitales publicos, en [&hellip;]<\/p>\n","protected":false},"author":1,"featured_media":0,"comment_status":"open","ping_status":"open","sticky":false,"template":"","format":"standard","meta":{"site-sidebar-layout":"default","site-content-layout":"","ast-site-content-layout":"","site-content-style":"default","site-sidebar-style":"default","ast-global-header-display":"","ast-banner-title-visibility":"","ast-main-header-display":"","ast-hfb-above-header-display":"","ast-hfb-below-header-display":"","ast-hfb-mobile-header-display":"","site-post-title":"","ast-breadcrumbs-content":"","ast-featured-img":"","footer-sml-layout":"","theme-transparent-header-meta":"","adv-header-id-meta":"","stick-header-meta":"","header-above-stick-meta":"","header-main-stick-meta":"","header-below-stick-meta":"","astra-migrate-meta-layouts":"default","ast-page-background-enabled":"default","ast-page-background-meta":{"desktop":{"background-color":"var(--ast-global-color-4)","background-image":"","background-repeat":"repeat","background-position":"center center","background-size":"auto","background-attachment":"scroll","background-type":"","background-media":"","overlay-type":"","overlay-color":"","overlay-gradient":""},"tablet":{"background-color":"","background-image":"","background-repeat":"repeat","background-position":"center center","background-size":"auto","background-attachment":"scroll","background-type":"","background-media":"","overlay-type":"","overlay-color":"","overlay-gradient":""},"mobile":{"background-color":"","background-image":"","background-repeat":"repeat","background-position":"center center","background-size":"auto","background-attachment":"scroll","background-type":"","background-media":"","overlay-type":"","overlay-color":"","overlay-gradient":""}},"ast-content-background-meta":{"desktop":{"background-color":"var(--ast-global-color-5)","background-image":"","background-repeat":"repeat","background-position":"center center","background-size":"auto","background-attachment":"scroll","background-type":"","background-media":"","overlay-type":"","overlay-color":"","overlay-gradient":""},"tablet":{"background-color":"var(--ast-global-color-5)","background-image":"","background-repeat":"repeat","background-position":"center center","background-size":"auto","background-attachment":"scroll","background-type":"","background-media":"","overlay-type":"","overlay-color":"","overlay-gradient":""},"mobile":{"background-color":"var(--ast-global-color-5)","background-image":"","background-repeat":"repeat","background-position":"center center","background-size":"auto","background-attachment":"scroll","background-type":"","background-media":"","overlay-type":"","overlay-color":"","overlay-gradient":""}},"footnotes":""},"categories":[612,11921,17749],"tags":[108656,18187,32083,32423,32084,18108],"class_list":["post-138012","post","type-post","status-publish","format-standard","hentry","category-ciencias-juridicas-y-derecho","category-derecho-canonico","category-navarra","tag-amadeo-fuenmayor-champin","tag-carmelo-de-diego-lora","tag-eduardo-molano-gragera","tag-isidoro-martin-sanchez","tag-jorge-otaduy-guerin","tag-juan-fornes-de-la-rosa"],"_links":{"self":[{"href":"https:\/\/www.deberes.net\/tesis\/wp-json\/wp\/v2\/posts\/138012","targetHints":{"allow":["GET"]}}],"collection":[{"href":"https:\/\/www.deberes.net\/tesis\/wp-json\/wp\/v2\/posts"}],"about":[{"href":"https:\/\/www.deberes.net\/tesis\/wp-json\/wp\/v2\/types\/post"}],"author":[{"embeddable":true,"href":"https:\/\/www.deberes.net\/tesis\/wp-json\/wp\/v2\/users\/1"}],"replies":[{"embeddable":true,"href":"https:\/\/www.deberes.net\/tesis\/wp-json\/wp\/v2\/comments?post=138012"}],"version-history":[{"count":0,"href":"https:\/\/www.deberes.net\/tesis\/wp-json\/wp\/v2\/posts\/138012\/revisions"}],"wp:attachment":[{"href":"https:\/\/www.deberes.net\/tesis\/wp-json\/wp\/v2\/media?parent=138012"}],"wp:term":[{"taxonomy":"category","embeddable":true,"href":"https:\/\/www.deberes.net\/tesis\/wp-json\/wp\/v2\/categories?post=138012"},{"taxonomy":"post_tag","embeddable":true,"href":"https:\/\/www.deberes.net\/tesis\/wp-json\/wp\/v2\/tags?post=138012"}],"curies":[{"name":"wp","href":"https:\/\/api.w.org\/{rel}","templated":true}]}}