{"id":138088,"date":"2026-01-12T17:32:50","date_gmt":"2026-01-12T17:32:50","guid":{"rendered":"https:\/\/www.deberes.net\/tesis\/sin-categoria\/aspectos-jura%c2%addico-financieros-del-deficit-publico\/"},"modified":"2026-01-12T17:32:50","modified_gmt":"2026-01-12T17:32:50","slug":"aspectos-jura%c2%addico-financieros-del-deficit-publico","status":"publish","type":"post","link":"https:\/\/www.deberes.net\/tesis\/ciencias-juridicas-y-derecho\/aspectos-jura%c2%addico-financieros-del-deficit-publico\/","title":{"rendered":"Aspectos jur\u00eddico-financieros del d\u00e9ficit p\u00fablico"},"content":{"rendered":"<h2>Tesis doctoral de <strong> Amparo Navarro Faure <\/strong><\/h2>\n<p>El objetivo fundamental de esta investigaci\u00f3n es estudiar el fen\u00f3meno del d\u00e9ficit p\u00fablico desde una perspectiva jur\u00eddica, y, por lo tanto, relacionarlo con los institutos jur\u00eddicos del presupuesto, los ingresos p\u00fablicos y los gastos p\u00fablicos. El trabajo sigue un m\u00e9todo l\u00f3gico-jur\u00eddico y se estructura en cuatro cap\u00edtulos y conclusiones.  el primer cap\u00edtulo sistematiza las aportaciones m\u00e1s relevantes de la ciencia econ\u00f3mica al estudio del d\u00e9ficit p\u00fablico. Los restantes cap\u00edtulos analizan desde el punto de vista jur\u00eddico-financiero las relaciones entre el d\u00e9ficit p\u00fablico y el presupuesto, los ingresos p\u00fablicos y los gastos p\u00fablicos. Se pretende obtener un concepto jur\u00eddico de d\u00e9ficit p\u00fablico para a partir del mismo estudiar como se han visto influenciadas las normas jur\u00eddico-financieras por el fen\u00f3meno, y cuales son los instrumentos que el derecho financiero ofrece ante el d\u00e9ficit p\u00fablico.<\/p>\n<p>&nbsp;<\/p>\n<h3>Datos acad\u00e9micos de la tesis doctoral \u00ab<strong>Aspectos jur\u00eddico-financieros del d\u00e9ficit p\u00fablico<\/strong>\u00ab<\/h3>\n<ul>\n<li><strong>T\u00edtulo de la tesis:<\/strong>\u00a0 Aspectos jur\u00eddico-financieros del d\u00e9ficit p\u00fablico <\/li>\n<li><strong>Autor:<\/strong>\u00a0 Amparo Navarro Faure <\/li>\n<li><strong>Universidad:<\/strong>\u00a0 Alicante<\/li>\n<li><strong>Fecha de lectura de la tesis:<\/strong>\u00a0 07\/03\/1991<\/li>\n<\/ul>\n<p>&nbsp;<\/p>\n<h3>Direcci\u00f3n y tribunal<\/h3>\n<ul>\n<li><strong>Director de la tesis<\/strong>\n<ul>\n<li>Juan  Jos\u00e9 Bayona De Perogordo<\/li>\n<\/ul>\n<\/li>\n<li><strong>Tribunal<\/strong>\n<ul>\n<li>Presidente del tribunal: Jaime Garcia anoveros <\/li>\n<li>Mar\u00eda teresa Soler roch (vocal)<\/li>\n<li>Antonio Cayon galiardo (vocal)<\/li>\n<li>Fernando Vicente-arche domingo (vocal)<\/li>\n<\/ul>\n<\/li>\n<\/ul>\n<p>&nbsp;<\/p>\n","protected":false},"excerpt":{"rendered":"<p>Tesis doctoral de Amparo Navarro Faure El objetivo fundamental de esta investigaci\u00f3n es estudiar el fen\u00f3meno del d\u00e9ficit p\u00fablico desde [&hellip;]<\/p>\n","protected":false},"author":1,"featured_media":0,"comment_status":"open","ping_status":"open","sticky":false,"template":"","format":"standard","meta":{"site-sidebar-layout":"default","site-content-layout":"","ast-site-content-layout":"","site-content-style":"default","site-sidebar-style":"default","ast-global-header-display":"","ast-banner-title-visibility":"","ast-main-header-display":"","ast-hfb-above-header-display":"","ast-hfb-below-header-display":"","ast-hfb-mobile-header-display":"","site-post-title":"","ast-breadcrumbs-content":"","ast-featured-img":"","footer-sml-layout":"","theme-transparent-header-meta":"","adv-header-id-meta":"","stick-header-meta":"","header-above-stick-meta":"","header-main-stick-meta":"","header-below-stick-meta":"","astra-migrate-meta-layouts":"default","ast-page-background-enabled":"default","ast-page-background-meta":{"desktop":{"background-color":"var(--ast-global-color-4)","background-image":"","background-repeat":"repeat","background-position":"center center","background-size":"auto","background-attachment":"scroll","background-type":"","background-media":"","overlay-type":"","overlay-color":"","overlay-gradient":""},"tablet":{"background-color":"","background-image":"","background-repeat":"repeat","background-position":"center center","background-size":"auto","background-attachment":"scroll","background-type":"","background-media":"","overlay-type":"","overlay-color":"","overlay-gradient":""},"mobile":{"background-color":"","background-image":"","background-repeat":"repeat","background-position":"center center","background-size":"auto","background-attachment":"scroll","background-type":"","background-media":"","overlay-type":"","overlay-color":"","overlay-gradient":""}},"ast-content-background-meta":{"desktop":{"background-color":"var(--ast-global-color-5)","background-image":"","background-repeat":"repeat","background-position":"center center","background-size":"auto","background-attachment":"scroll","background-type":"","background-media":"","overlay-type":"","overlay-color":"","overlay-gradient":""},"tablet":{"background-color":"var(--ast-global-color-5)","background-image":"","background-repeat":"repeat","background-position":"center center","background-size":"auto","background-attachment":"scroll","background-type":"","background-media":"","overlay-type":"","overlay-color":"","overlay-gradient":""},"mobile":{"background-color":"var(--ast-global-color-5)","background-image":"","background-repeat":"repeat","background-position":"center center","background-size":"auto","background-attachment":"scroll","background-type":"","background-media":"","overlay-type":"","overlay-color":"","overlay-gradient":""}},"footnotes":""},"categories":[19166,612,797,6836,6838],"tags":[54567,7582,2262,7581,8368,27425],"class_list":["post-138088","post","type-post","status-publish","format-standard","hentry","category-alicante","category-ciencias-juridicas-y-derecho","category-derecho-fiscal","category-hacienda-publica-y-presupuestos","category-politica-fiscal-y-hacienda-publica-nacionales","tag-amparo-navarro-faure","tag-antonio-cayon-galiardo","tag-fernando-vicente-arche-domingo","tag-jaime-garcia-anoveros","tag-juan-jose-bayona-de-perogordo","tag-maria-teresa-soler-roch"],"_links":{"self":[{"href":"https:\/\/www.deberes.net\/tesis\/wp-json\/wp\/v2\/posts\/138088","targetHints":{"allow":["GET"]}}],"collection":[{"href":"https:\/\/www.deberes.net\/tesis\/wp-json\/wp\/v2\/posts"}],"about":[{"href":"https:\/\/www.deberes.net\/tesis\/wp-json\/wp\/v2\/types\/post"}],"author":[{"embeddable":true,"href":"https:\/\/www.deberes.net\/tesis\/wp-json\/wp\/v2\/users\/1"}],"replies":[{"embeddable":true,"href":"https:\/\/www.deberes.net\/tesis\/wp-json\/wp\/v2\/comments?post=138088"}],"version-history":[{"count":0,"href":"https:\/\/www.deberes.net\/tesis\/wp-json\/wp\/v2\/posts\/138088\/revisions"}],"wp:attachment":[{"href":"https:\/\/www.deberes.net\/tesis\/wp-json\/wp\/v2\/media?parent=138088"}],"wp:term":[{"taxonomy":"category","embeddable":true,"href":"https:\/\/www.deberes.net\/tesis\/wp-json\/wp\/v2\/categories?post=138088"},{"taxonomy":"post_tag","embeddable":true,"href":"https:\/\/www.deberes.net\/tesis\/wp-json\/wp\/v2\/tags?post=138088"}],"curies":[{"name":"wp","href":"https:\/\/api.w.org\/{rel}","templated":true}]}}