{"id":138098,"date":"2018-03-11T13:15:40","date_gmt":"2018-03-11T13:15:40","guid":{"rendered":"https:\/\/www.deberes.net\/tesis\/sin-categoria\/demanda-asistencial-en-atencion-primaria\/"},"modified":"2018-03-11T13:15:40","modified_gmt":"2018-03-11T13:15:40","slug":"demanda-asistencial-en-atencion-primaria","status":"publish","type":"post","link":"https:\/\/www.deberes.net\/tesis\/ciencias-medicas\/demanda-asistencial-en-atencion-primaria\/","title":{"rendered":"Demanda asistencial en atenci\u00f3n primaria"},"content":{"rendered":"<h2>Tesis doctoral de <strong> Fernando Agustin Alonso Lopez <\/strong><\/h2>\n<p>La presente tesis estudia aspectos de la demanda asistencial en atenci\u00f3n primaria valorando tanto cuestiones socio-demogr\u00e1ficas como de utilizaci\u00f3n de recursos y etiquetado de casos por parte del m\u00e9dico general.  se evidenci\u00f3 una asociaci\u00f3n de la demanda a pacientes del sexo femenino, de profesi\u00f3n ama de casa y con niveles de estudios superiores a la poblaci\u00f3n general. Se observ\u00f3 asimismo una tendencia al infradiagn\u00f3stico psiqui\u00e1trico por parte del m\u00e9dico general en relaci\u00f3n con cuestionarios de despistaje y se valoran las consecuencias de la misma.<\/p>\n<p>&nbsp;<\/p>\n<h3>Datos acad\u00e9micos de la tesis doctoral \u00ab<strong>Demanda asistencial en atenci\u00f3n primaria<\/strong>\u00ab<\/h3>\n<ul>\n<li><strong>T\u00edtulo de la tesis:<\/strong>\u00a0 Demanda asistencial en atenci\u00f3n primaria <\/li>\n<li><strong>Autor:<\/strong>\u00a0 Fernando Agustin Alonso Lopez <\/li>\n<li><strong>Universidad:<\/strong>\u00a0 Cantabria<\/li>\n<li><strong>Fecha de lectura de la tesis:<\/strong>\u00a0 25\/04\/1991<\/li>\n<\/ul>\n<p>&nbsp;<\/p>\n<h3>Direcci\u00f3n y tribunal<\/h3>\n<ul>\n<li><strong>Director de la tesis<\/strong>\n<ul>\n<li>Jos\u00e9 Luis Vazquez Barquero<\/li>\n<\/ul>\n<\/li>\n<li><strong>Tribunal<\/strong>\n<ul>\n<li>Presidente del tribunal: Jes\u00fas Gonzalez  macias <\/li>\n<li>felipe Miguel de la villa (vocal)<\/li>\n<li>Jos\u00e9 Antonio Amado se\u00f1aris (vocal)<\/li>\n<li>Miguel Gili miner (vocal)<\/li>\n<\/ul>\n<\/li>\n<\/ul>\n<p>&nbsp;<\/p>\n","protected":false},"excerpt":{"rendered":"<p>Tesis doctoral de Fernando Agustin Alonso Lopez La presente tesis estudia aspectos de la demanda asistencial en atenci\u00f3n primaria valorando [&hellip;]<\/p>\n","protected":false},"author":1,"featured_media":0,"comment_status":"open","ping_status":"open","sticky":false,"template":"","format":"standard","meta":{"site-sidebar-layout":"default","site-content-layout":"","ast-site-content-layout":"","site-content-style":"default","site-sidebar-style":"default","ast-global-header-display":"","ast-banner-title-visibility":"","ast-main-header-display":"","ast-hfb-above-header-display":"","ast-hfb-below-header-display":"","ast-hfb-mobile-header-display":"","site-post-title":"","ast-breadcrumbs-content":"","ast-featured-img":"","footer-sml-layout":"","theme-transparent-header-meta":"","adv-header-id-meta":"","stick-header-meta":"","header-above-stick-meta":"","header-main-stick-meta":"","header-below-stick-meta":"","astra-migrate-meta-layouts":"default","ast-page-background-enabled":"default","ast-page-background-meta":{"desktop":{"background-color":"var(--ast-global-color-4)","background-image":"","background-repeat":"repeat","background-position":"center center","background-size":"auto","background-attachment":"scroll","background-type":"","background-media":"","overlay-type":"","overlay-color":"","overlay-gradient":""},"tablet":{"background-color":"","background-image":"","background-repeat":"repeat","background-position":"center center","background-size":"auto","background-attachment":"scroll","background-type":"","background-media":"","overlay-type":"","overlay-color":"","overlay-gradient":""},"mobile":{"background-color":"","background-image":"","background-repeat":"repeat","background-position":"center center","background-size":"auto","background-attachment":"scroll","background-type":"","background-media":"","overlay-type":"","overlay-color":"","overlay-gradient":""}},"ast-content-background-meta":{"desktop":{"background-color":"var(--ast-global-color-5)","background-image":"","background-repeat":"repeat","background-position":"center center","background-size":"auto","background-attachment":"scroll","background-type":"","background-media":"","overlay-type":"","overlay-color":"","overlay-gradient":""},"tablet":{"background-color":"var(--ast-global-color-5)","background-image":"","background-repeat":"repeat","background-position":"center center","background-size":"auto","background-attachment":"scroll","background-type":"","background-media":"","overlay-type":"","overlay-color":"","overlay-gradient":""},"mobile":{"background-color":"var(--ast-global-color-5)","background-image":"","background-repeat":"repeat","background-position":"center center","background-size":"auto","background-attachment":"scroll","background-type":"","background-media":"","overlay-type":"","overlay-color":"","overlay-gradient":""}},"footnotes":""},"categories":[10518,9,967],"tags":[1734,252616,9586,10543,10709,26724],"class_list":["post-138098","post","type-post","status-publish","format-standard","hentry","category-cantabria","category-ciencias-medicas","category-salud-publica","tag-felipe-miguel-de-la-villa","tag-fernando-agustin-alonso-lopez","tag-jesus-gonzalez-macias","tag-jose-antonio-amado-senaris","tag-jose-luis-vazquez-barquero","tag-miguel-gili-miner"],"_links":{"self":[{"href":"https:\/\/www.deberes.net\/tesis\/wp-json\/wp\/v2\/posts\/138098","targetHints":{"allow":["GET"]}}],"collection":[{"href":"https:\/\/www.deberes.net\/tesis\/wp-json\/wp\/v2\/posts"}],"about":[{"href":"https:\/\/www.deberes.net\/tesis\/wp-json\/wp\/v2\/types\/post"}],"author":[{"embeddable":true,"href":"https:\/\/www.deberes.net\/tesis\/wp-json\/wp\/v2\/users\/1"}],"replies":[{"embeddable":true,"href":"https:\/\/www.deberes.net\/tesis\/wp-json\/wp\/v2\/comments?post=138098"}],"version-history":[{"count":0,"href":"https:\/\/www.deberes.net\/tesis\/wp-json\/wp\/v2\/posts\/138098\/revisions"}],"wp:attachment":[{"href":"https:\/\/www.deberes.net\/tesis\/wp-json\/wp\/v2\/media?parent=138098"}],"wp:term":[{"taxonomy":"category","embeddable":true,"href":"https:\/\/www.deberes.net\/tesis\/wp-json\/wp\/v2\/categories?post=138098"},{"taxonomy":"post_tag","embeddable":true,"href":"https:\/\/www.deberes.net\/tesis\/wp-json\/wp\/v2\/tags?post=138098"}],"curies":[{"name":"wp","href":"https:\/\/api.w.org\/{rel}","templated":true}]}}