{"id":138109,"date":"2018-03-11T13:15:40","date_gmt":"2018-03-11T13:15:40","guid":{"rendered":"https:\/\/www.deberes.net\/tesis\/sin-categoria\/derecho-de-la-informatica-proteccion-jura%c2%addica-de-datos-personales-informatizados\/"},"modified":"2018-03-11T13:15:40","modified_gmt":"2018-03-11T13:15:40","slug":"derecho-de-la-informatica-proteccion-jura%c2%addica-de-datos-personales-informatizados","status":"publish","type":"post","link":"https:\/\/www.deberes.net\/tesis\/ciencias-juridicas-y-derecho\/derecho-de-la-informatica-proteccion-jura%c2%addica-de-datos-personales-informatizados\/","title":{"rendered":"Derecho de la inform\u00e1tica: protecci\u00f3n jur\u00eddica de datos personales informatizados"},"content":{"rendered":"<h2>Tesis doctoral de <strong> Rafael Velazquez Bautista <\/strong><\/h2>\n<p>Se estudia desde la perspectiva jur\u00eddica la problem\u00e1tica generada en el procesamiento y transmisi\u00f3n electr\u00f3nica de datos concernientes a personas f\u00edsicas. Examen que se efect\u00faa respecto de los tratamientos hechos en el \u00e1mbito de la administraci\u00f3n empresas y asociaciones.  comprende el trabajo en an\u00e1lisis de los derechos y libertades que deben tenerse en cuenta cuando se realiza un tratamiento automatizado. Se examinan cuestiones fundamentales de la protecci\u00f3n de datos como: el derecho de acceso, la rectificaci\u00f3n y cancelaci\u00f3n, el principio de publicidad, la obligaci\u00f3n de seguridad, el \u00f3rgano de control y la protecci\u00f3n equivalente entre otras. Contiene una sugerente casu\u00edstica. As\u00ed como el an\u00e1lisis de supuestos de responsabilidad penal, civil o administrativa en los que pueden hallarse quienes tratan datos de car\u00e1cter personal para si o en nombre y por cuenta de otros.<\/p>\n<p>&nbsp;<\/p>\n<h3>Datos acad\u00e9micos de la tesis doctoral \u00ab<strong>Derecho de la inform\u00e1tica: protecci\u00f3n jur\u00eddica de datos personales informatizados<\/strong>\u00ab<\/h3>\n<ul>\n<li><strong>T\u00edtulo de la tesis:<\/strong>\u00a0 Derecho de la inform\u00e1tica: protecci\u00f3n jur\u00eddica de datos personales informatizados <\/li>\n<li><strong>Autor:<\/strong>\u00a0 Rafael Velazquez Bautista <\/li>\n<li><strong>Universidad:<\/strong>\u00a0 Complutense de Madrid<\/li>\n<li><strong>Fecha de lectura de la tesis:<\/strong>\u00a0 30\/05\/1991<\/li>\n<\/ul>\n<p>&nbsp;<\/p>\n<h3>Direcci\u00f3n y tribunal<\/h3>\n<ul>\n<li><strong>Director de la tesis<\/strong>\n<ul>\n<li>Angela Sanchez De Vera Torres<\/li>\n<\/ul>\n<\/li>\n<li><strong>Tribunal<\/strong>\n<ul>\n<li>Presidente del tribunal: jose Iturmendi morales <\/li>\n<li>Miguel Bajo fern\u00e1ndez (vocal)<\/li>\n<li>teodoro Gonzalez ballesteros (vocal)<\/li>\n<li>michel Vivanti (vocal)<\/li>\n<\/ul>\n<\/li>\n<\/ul>\n<p>&nbsp;<\/p>\n","protected":false},"excerpt":{"rendered":"<p>Tesis doctoral de Rafael Velazquez Bautista Se estudia desde la perspectiva jur\u00eddica la problem\u00e1tica generada en el procesamiento y transmisi\u00f3n [&hellip;]<\/p>\n","protected":false},"author":1,"featured_media":0,"comment_status":"open","ping_status":"open","sticky":false,"template":"","format":"standard","meta":{"site-sidebar-layout":"default","site-content-layout":"","ast-site-content-layout":"","site-content-style":"default","site-sidebar-style":"default","ast-global-header-display":"","ast-banner-title-visibility":"","ast-main-header-display":"","ast-hfb-above-header-display":"","ast-hfb-below-header-display":"","ast-hfb-mobile-header-display":"","site-post-title":"","ast-breadcrumbs-content":"","ast-featured-img":"","footer-sml-layout":"","theme-transparent-header-meta":"","adv-header-id-meta":"","stick-header-meta":"","header-above-stick-meta":"","header-main-stick-meta":"","header-below-stick-meta":"","astra-migrate-meta-layouts":"default","ast-page-background-enabled":"default","ast-page-background-meta":{"desktop":{"background-color":"var(--ast-global-color-4)","background-image":"","background-repeat":"repeat","background-position":"center center","background-size":"auto","background-attachment":"scroll","background-type":"","background-media":"","overlay-type":"","overlay-color":"","overlay-gradient":""},"tablet":{"background-color":"","background-image":"","background-repeat":"repeat","background-position":"center center","background-size":"auto","background-attachment":"scroll","background-type":"","background-media":"","overlay-type":"","overlay-color":"","overlay-gradient":""},"mobile":{"background-color":"","background-image":"","background-repeat":"repeat","background-position":"center center","background-size":"auto","background-attachment":"scroll","background-type":"","background-media":"","overlay-type":"","overlay-color":"","overlay-gradient":""}},"ast-content-background-meta":{"desktop":{"background-color":"var(--ast-global-color-5)","background-image":"","background-repeat":"repeat","background-position":"center center","background-size":"auto","background-attachment":"scroll","background-type":"","background-media":"","overlay-type":"","overlay-color":"","overlay-gradient":""},"tablet":{"background-color":"var(--ast-global-color-5)","background-image":"","background-repeat":"repeat","background-position":"center center","background-size":"auto","background-attachment":"scroll","background-type":"","background-media":"","overlay-type":"","overlay-color":"","overlay-gradient":""},"mobile":{"background-color":"var(--ast-global-color-5)","background-image":"","background-repeat":"repeat","background-position":"center center","background-size":"auto","background-attachment":"scroll","background-type":"","background-media":"","overlay-type":"","overlay-color":"","overlay-gradient":""}},"footnotes":""},"categories":[612,986,1442,1450,979],"tags":[7135,4854,252625,50258,252624,24544],"class_list":["post-138109","post","type-post","status-publish","format-standard","hentry","category-ciencias-juridicas-y-derecho","category-complutense-de-madrid","category-derecho-administrativo","category-derecho-constitucional","category-derecho-y-legislacion-nacionales","tag-angela-sanchez-de-vera-torres","tag-jose-iturmendi-morales","tag-michel-vivanti","tag-miguel-bajo-fernandez","tag-rafael-velazquez-bautista","tag-teodoro-gonzalez-ballesteros"],"_links":{"self":[{"href":"https:\/\/www.deberes.net\/tesis\/wp-json\/wp\/v2\/posts\/138109","targetHints":{"allow":["GET"]}}],"collection":[{"href":"https:\/\/www.deberes.net\/tesis\/wp-json\/wp\/v2\/posts"}],"about":[{"href":"https:\/\/www.deberes.net\/tesis\/wp-json\/wp\/v2\/types\/post"}],"author":[{"embeddable":true,"href":"https:\/\/www.deberes.net\/tesis\/wp-json\/wp\/v2\/users\/1"}],"replies":[{"embeddable":true,"href":"https:\/\/www.deberes.net\/tesis\/wp-json\/wp\/v2\/comments?post=138109"}],"version-history":[{"count":0,"href":"https:\/\/www.deberes.net\/tesis\/wp-json\/wp\/v2\/posts\/138109\/revisions"}],"wp:attachment":[{"href":"https:\/\/www.deberes.net\/tesis\/wp-json\/wp\/v2\/media?parent=138109"}],"wp:term":[{"taxonomy":"category","embeddable":true,"href":"https:\/\/www.deberes.net\/tesis\/wp-json\/wp\/v2\/categories?post=138109"},{"taxonomy":"post_tag","embeddable":true,"href":"https:\/\/www.deberes.net\/tesis\/wp-json\/wp\/v2\/tags?post=138109"}],"curies":[{"name":"wp","href":"https:\/\/api.w.org\/{rel}","templated":true}]}}