{"id":138111,"date":"2026-01-12T17:32:48","date_gmt":"2026-01-12T17:32:48","guid":{"rendered":"https:\/\/www.deberes.net\/tesis\/sin-categoria\/interluquina-1-y-mastocitos-en-la-sinovial-de-artritis-reumatoide-y-artrosis\/"},"modified":"2026-01-12T17:32:48","modified_gmt":"2026-01-12T17:32:48","slug":"interluquina-1-y-mastocitos-en-la-sinovial-de-artritis-reumatoide-y-artrosis","status":"publish","type":"post","link":"https:\/\/www.deberes.net\/tesis\/histopatologia\/interluquina-1-y-mastocitos-en-la-sinovial-de-artritis-reumatoide-y-artrosis\/","title":{"rendered":"Interluquina 1 y mastocitos en la sinovial de artritis reumatoide y artrosis"},"content":{"rendered":"<h2>Tesis doctoral de <strong> Francisco Javier Navarro Blasco <\/strong><\/h2>\n<p>La artritis reumatoide (ar), es una enfermedad inflamatoria cr\u00f3nica articular con importante preValencia y morbilidad en la poblaci\u00f3n adulta. Dentro de los mecanismos que acontecen en la ar est\u00e1n adquiriendo relevancia las substancias mediadoras producidas por las c\u00e9lulas que infiltran la sinovial, las interleuquinas, y los mecanismos neuro-inflamatorios que podr\u00edan ser responsables de algunas de las manifestaciones t\u00edpicas de la enfermedad.  en el presente estudio localizamos, en la membrana sinovial de ar y de la artrosis, las interleuquinas 1 alfa y beta, valoramos su diferente expresividad en la sinovial de las 2 enfermedades mencionadas, as\u00ed como su cambio \u00abin vivo\u00bb tras el tratamiento con sales de oro en paciente de ar.  al mismo tiempo se estudian inmuno-citoqu\u00edmicamente la presencia en n\u00famero, localizaci\u00f3n y subtipo fenot\u00edpico la poblaci\u00f3n de mastocitos sinoviales que a nuestro entender podr\u00edan constituir el nexo de uni\u00f3n neuro-inflamotorio dentro de la etiopatogenia de la ar.<\/p>\n<p>&nbsp;<\/p>\n<h3>Datos acad\u00e9micos de la tesis doctoral \u00ab<strong>Interluquina 1 y mastocitos en la sinovial de artritis reumatoide y artrosis<\/strong>\u00ab<\/h3>\n<ul>\n<li><strong>T\u00edtulo de la tesis:<\/strong>\u00a0 Interluquina 1 y mastocitos en la sinovial de artritis reumatoide y artrosis <\/li>\n<li><strong>Autor:<\/strong>\u00a0 Francisco Javier Navarro Blasco <\/li>\n<li><strong>Universidad:<\/strong>\u00a0 Alicante<\/li>\n<li><strong>Fecha de lectura de la tesis:<\/strong>\u00a0 03\/06\/1991<\/li>\n<\/ul>\n<p>&nbsp;<\/p>\n<h3>Direcci\u00f3n y tribunal<\/h3>\n<ul>\n<li><strong>Director de la tesis<\/strong>\n<ul>\n<li>Jos\u00e9 Francisco Horga De La Parte<\/li>\n<\/ul>\n<\/li>\n<li><strong>Tribunal<\/strong>\n<ul>\n<li>Presidente del tribunal: Miguel Perez mateo regadera <\/li>\n<li>jordi Carbonell abello (vocal)<\/li>\n<li>Javierfrancisco Regadera gonz\u00e1lez (vocal)<\/li>\n<li>Mar\u00eda  Jos\u00e9 Mallol belda (vocal)<\/li>\n<\/ul>\n<\/li>\n<\/ul>\n<p>&nbsp;<\/p>\n","protected":false},"excerpt":{"rendered":"<p>Tesis doctoral de Francisco Javier Navarro Blasco La artritis reumatoide (ar), es una enfermedad inflamatoria cr\u00f3nica articular con importante preValencia [&hellip;]<\/p>\n","protected":false},"author":1,"featured_media":0,"comment_status":"open","ping_status":"open","sticky":false,"template":"","format":"standard","meta":{"site-sidebar-layout":"default","site-content-layout":"","ast-site-content-layout":"","site-content-style":"default","site-sidebar-style":"default","ast-global-header-display":"","ast-banner-title-visibility":"","ast-main-header-display":"","ast-hfb-above-header-display":"","ast-hfb-below-header-display":"","ast-hfb-mobile-header-display":"","site-post-title":"","ast-breadcrumbs-content":"","ast-featured-img":"","footer-sml-layout":"","theme-transparent-header-meta":"","adv-header-id-meta":"","stick-header-meta":"","header-above-stick-meta":"","header-main-stick-meta":"","header-below-stick-meta":"","astra-migrate-meta-layouts":"default","ast-page-background-enabled":"default","ast-page-background-meta":{"desktop":{"background-color":"var(--ast-global-color-4)","background-image":"","background-repeat":"repeat","background-position":"center center","background-size":"auto","background-attachment":"scroll","background-type":"","background-media":"","overlay-type":"","overlay-color":"","overlay-gradient":""},"tablet":{"background-color":"","background-image":"","background-repeat":"repeat","background-position":"center center","background-size":"auto","background-attachment":"scroll","background-type":"","background-media":"","overlay-type":"","overlay-color":"","overlay-gradient":""},"mobile":{"background-color":"","background-image":"","background-repeat":"repeat","background-position":"center center","background-size":"auto","background-attachment":"scroll","background-type":"","background-media":"","overlay-type":"","overlay-color":"","overlay-gradient":""}},"ast-content-background-meta":{"desktop":{"background-color":"var(--ast-global-color-5)","background-image":"","background-repeat":"repeat","background-position":"center center","background-size":"auto","background-attachment":"scroll","background-type":"","background-media":"","overlay-type":"","overlay-color":"","overlay-gradient":""},"tablet":{"background-color":"var(--ast-global-color-5)","background-image":"","background-repeat":"repeat","background-position":"center center","background-size":"auto","background-attachment":"scroll","background-type":"","background-media":"","overlay-type":"","overlay-color":"","overlay-gradient":""},"mobile":{"background-color":"var(--ast-global-color-5)","background-image":"","background-repeat":"repeat","background-position":"center center","background-size":"auto","background-attachment":"scroll","background-type":"","background-media":"","overlay-type":"","overlay-color":"","overlay-gradient":""}},"footnotes":""},"categories":[19166,52,139,156,877],"tags":[59996,14273,38276,27438,252626,11374],"class_list":["post-138111","post","type-post","status-publish","format-standard","hentry","category-alicante","category-histopatologia","category-medicina-interna","category-patologia","category-reumatologia","tag-francisco-javier-navarro-blasco","tag-javierfrancisco-regadera-gonzalez","tag-jordi-carbonell-abello","tag-jose-francisco-horga-de-la-parte","tag-maria-jose-mallol-belda","tag-miguel-perez-mateo-regadera"],"_links":{"self":[{"href":"https:\/\/www.deberes.net\/tesis\/wp-json\/wp\/v2\/posts\/138111","targetHints":{"allow":["GET"]}}],"collection":[{"href":"https:\/\/www.deberes.net\/tesis\/wp-json\/wp\/v2\/posts"}],"about":[{"href":"https:\/\/www.deberes.net\/tesis\/wp-json\/wp\/v2\/types\/post"}],"author":[{"embeddable":true,"href":"https:\/\/www.deberes.net\/tesis\/wp-json\/wp\/v2\/users\/1"}],"replies":[{"embeddable":true,"href":"https:\/\/www.deberes.net\/tesis\/wp-json\/wp\/v2\/comments?post=138111"}],"version-history":[{"count":0,"href":"https:\/\/www.deberes.net\/tesis\/wp-json\/wp\/v2\/posts\/138111\/revisions"}],"wp:attachment":[{"href":"https:\/\/www.deberes.net\/tesis\/wp-json\/wp\/v2\/media?parent=138111"}],"wp:term":[{"taxonomy":"category","embeddable":true,"href":"https:\/\/www.deberes.net\/tesis\/wp-json\/wp\/v2\/categories?post=138111"},{"taxonomy":"post_tag","embeddable":true,"href":"https:\/\/www.deberes.net\/tesis\/wp-json\/wp\/v2\/tags?post=138111"}],"curies":[{"name":"wp","href":"https:\/\/api.w.org\/{rel}","templated":true}]}}