{"id":138155,"date":"2026-01-12T17:33:06","date_gmt":"2026-01-12T17:33:06","guid":{"rendered":"https:\/\/www.deberes.net\/tesis\/sin-categoria\/los-cultivos-de-invernadero-en-la-fachada-del-sureste-peninsular-ante-el-ingreso-en-la-comunidad-economica-europea-aspectos-socioeconomicos-y-comerciales\/"},"modified":"2026-01-12T17:33:06","modified_gmt":"2026-01-12T17:33:06","slug":"los-cultivos-de-invernadero-en-la-fachada-del-sureste-peninsular-ante-el-ingreso-en-la-comunidad-economica-europea-aspectos-socioeconomicos-y-comerciales","status":"publish","type":"post","link":"https:\/\/www.deberes.net\/tesis\/geografia\/los-cultivos-de-invernadero-en-la-fachada-del-sureste-peninsular-ante-el-ingreso-en-la-comunidad-economica-europea-aspectos-socioeconomicos-y-comerciales\/","title":{"rendered":"Los cultivos de invernadero en la fachada del sureste peninsular, ante el ingreso en la comunidad economica europea. aspectos socioeconomicos y comerciales."},"content":{"rendered":"<h2>Tesis doctoral de <strong>  G\u00f3mez L\u00f3pez Jos\u00e9 Daniel <\/strong><\/h2>\n<p>Este estudio se centra en el analisis de la estructura de cultivo, produccion y comercializacion de productos horticolas y florales bajo abrigo plastico en las provincias de alicante, almeria y murcia. Al tratarse de un sector estrechamente vinculado y articulado en torno a los circuitos de comercializacion internacionales y especialmente europeos. Tambien se analiza la evolucion del sector hortofloricola de invernadero en los paises comunitarios europeos destacando en particular, los casos de italia y holanda este ultimo pais paradigma del cultivo de invernadero en europa.  un segundo aspecto a destacar, es el impacto que sobre el sector socioeconomico regional, ha tenido la expansion del cultivo de invernadero. En este sentido el desarrollo de las actividades horticolas intensivas, ha propiciado importantes cambios en la estructura agraria regional como tambien ha elevado notablemente el nivel de empleo tanto directo como indirecto, a traves de los procesos de recoleccion y post-cosecha.<\/p>\n<p>&nbsp;<\/p>\n<h3>Datos acad\u00e9micos de la tesis doctoral \u00ab<strong>Los cultivos de invernadero en la fachada del sureste peninsular, ante el ingreso en la comunidad economica europea. aspectos socioeconomicos y comerciales.<\/strong>\u00ab<\/h3>\n<ul>\n<li><strong>T\u00edtulo de la tesis:<\/strong>\u00a0 Los cultivos de invernadero en la fachada del sureste peninsular, ante el ingreso en la comunidad economica europea. aspectos socioeconomicos y comerciales. <\/li>\n<li><strong>Autor:<\/strong>\u00a0  G\u00f3mez L\u00f3pez Jos\u00e9 Daniel <\/li>\n<li><strong>Universidad:<\/strong>\u00a0 Alicante<\/li>\n<li><strong>Fecha de lectura de la tesis:<\/strong>\u00a0 01\/01\/1992<\/li>\n<\/ul>\n<p>&nbsp;<\/p>\n<h3>Direcci\u00f3n y tribunal<\/h3>\n<ul>\n<li><strong>Director de la tesis<\/strong>\n<ul>\n<li>Vicente Gosalvez Perez<\/li>\n<\/ul>\n<\/li>\n<li><strong>Tribunal<\/strong>\n<ul>\n<li>Presidente del tribunal:  Oca\u00f1a Oca\u00f1a Mar\u00eda  Del Carmen <\/li>\n<li>Manuel Saenz Lorite (vocal)<\/li>\n<li>Roser Majoral Molin\u00e9 (vocal)<\/li>\n<li>Francisco Calvo Garc\u00eda-tornel (vocal)<\/li>\n<\/ul>\n<\/li>\n<\/ul>\n<p>&nbsp;<\/p>\n","protected":false},"excerpt":{"rendered":"<p>Tesis doctoral de G\u00f3mez L\u00f3pez Jos\u00e9 Daniel Este estudio se centra en el analisis de la estructura de cultivo, produccion [&hellip;]<\/p>\n","protected":false},"author":1,"featured_media":0,"comment_status":"open","ping_status":"open","sticky":false,"template":"","format":"standard","meta":{"site-sidebar-layout":"default","site-content-layout":"","ast-site-content-layout":"","site-content-style":"default","site-sidebar-style":"default","ast-global-header-display":"","ast-banner-title-visibility":"","ast-main-header-display":"","ast-hfb-above-header-display":"","ast-hfb-below-header-display":"","ast-hfb-mobile-header-display":"","site-post-title":"","ast-breadcrumbs-content":"","ast-featured-img":"","footer-sml-layout":"","theme-transparent-header-meta":"","adv-header-id-meta":"","stick-header-meta":"","header-above-stick-meta":"","header-main-stick-meta":"","header-below-stick-meta":"","astra-migrate-meta-layouts":"default","ast-page-background-enabled":"default","ast-page-background-meta":{"desktop":{"background-color":"var(--ast-global-color-4)","background-image":"","background-repeat":"repeat","background-position":"center center","background-size":"auto","background-attachment":"scroll","background-type":"","background-media":"","overlay-type":"","overlay-color":"","overlay-gradient":""},"tablet":{"background-color":"","background-image":"","background-repeat":"repeat","background-position":"center center","background-size":"auto","background-attachment":"scroll","background-type":"","background-media":"","overlay-type":"","overlay-color":"","overlay-gradient":""},"mobile":{"background-color":"","background-image":"","background-repeat":"repeat","background-position":"center center","background-size":"auto","background-attachment":"scroll","background-type":"","background-media":"","overlay-type":"","overlay-color":"","overlay-gradient":""}},"ast-content-background-meta":{"desktop":{"background-color":"var(--ast-global-color-5)","background-image":"","background-repeat":"repeat","background-position":"center center","background-size":"auto","background-attachment":"scroll","background-type":"","background-media":"","overlay-type":"","overlay-color":"","overlay-gradient":""},"tablet":{"background-color":"var(--ast-global-color-5)","background-image":"","background-repeat":"repeat","background-position":"center center","background-size":"auto","background-attachment":"scroll","background-type":"","background-media":"","overlay-type":"","overlay-color":"","overlay-gradient":""},"mobile":{"background-color":"var(--ast-global-color-5)","background-image":"","background-repeat":"repeat","background-position":"center center","background-size":"auto","background-attachment":"scroll","background-type":"","background-media":"","overlay-type":"","overlay-color":"","overlay-gradient":""}},"footnotes":""},"categories":[19166,1399,3090,11298],"tags":[8390,252671,21934,126323,28993,19247],"class_list":["post-138155","post","type-post","status-publish","format-standard","hentry","category-alicante","category-geografia","category-geografia-regional","category-geografia-rural","tag-francisco-calvo-garcia-tornel","tag-gomez-lopez-jose-daniel","tag-manuel-saenz-lorite","tag-ocana-ocana-maria-del-carmen","tag-roser-majoral-moline","tag-vicente-gosalvez-perez"],"_links":{"self":[{"href":"https:\/\/www.deberes.net\/tesis\/wp-json\/wp\/v2\/posts\/138155","targetHints":{"allow":["GET"]}}],"collection":[{"href":"https:\/\/www.deberes.net\/tesis\/wp-json\/wp\/v2\/posts"}],"about":[{"href":"https:\/\/www.deberes.net\/tesis\/wp-json\/wp\/v2\/types\/post"}],"author":[{"embeddable":true,"href":"https:\/\/www.deberes.net\/tesis\/wp-json\/wp\/v2\/users\/1"}],"replies":[{"embeddable":true,"href":"https:\/\/www.deberes.net\/tesis\/wp-json\/wp\/v2\/comments?post=138155"}],"version-history":[{"count":0,"href":"https:\/\/www.deberes.net\/tesis\/wp-json\/wp\/v2\/posts\/138155\/revisions"}],"wp:attachment":[{"href":"https:\/\/www.deberes.net\/tesis\/wp-json\/wp\/v2\/media?parent=138155"}],"wp:term":[{"taxonomy":"category","embeddable":true,"href":"https:\/\/www.deberes.net\/tesis\/wp-json\/wp\/v2\/categories?post=138155"},{"taxonomy":"post_tag","embeddable":true,"href":"https:\/\/www.deberes.net\/tesis\/wp-json\/wp\/v2\/tags?post=138155"}],"curies":[{"name":"wp","href":"https:\/\/api.w.org\/{rel}","templated":true}]}}