{"id":13827,"date":"2018-03-09T09:00:16","date_gmt":"2018-03-09T09:00:16","guid":{"rendered":"https:\/\/www.deberes.net\/tesis\/sin-categoria\/valor-pronostico-de-la-oncoprotea%c2%adna-p53-en-el-carcinoma-epidermoide-de-esofago-resecado\/"},"modified":"2018-03-09T09:00:16","modified_gmt":"2018-03-09T09:00:16","slug":"valor-pronostico-de-la-oncoprotea%c2%adna-p53-en-el-carcinoma-epidermoide-de-esofago-resecado","status":"publish","type":"post","link":"https:\/\/www.deberes.net\/tesis\/ciencias-medicas\/valor-pronostico-de-la-oncoprotea%c2%adna-p53-en-el-carcinoma-epidermoide-de-esofago-resecado\/","title":{"rendered":"Valor pron\u00f3stico de la oncoprote\u00edna p53 en el carcinoma epidermoide de es\u00f3fago resecado."},"content":{"rendered":"<h2>Tesis doctoral de <strong>  Fern\u00e1ndez Arguelles Jos\u00e9 Manuel <\/strong><\/h2>\n<p>Se realiza un estudio de 65 pacientes sometidos a resecci\u00f3n por carcinoma epidermoide de es\u00f3fago. Se estudian variables descriptivas cl\u00ednico patol\u00f3gicas, expresi\u00f3n inmunohistoqu\u00edmica y p\u00e9rdida de heterocigosidad loh del gen p53. se analiza as\u00ed mismo la supervivencia y su relaci\u00f3n con variables cl\u00ednicas y aptol\u00f3gicas.  han predominado los estuadios iii (30 casos) y iv (11). 41 tumores (63,1%) expresaron oncoproteina p53 sin obtener relaci\u00f3n histopatol\u00f3gica. De los 57 casos informativos para loh, 20 (35,1%) presentaron deleci\u00f3n del gen, relacionada s\u00f3lo con el grado de diferenciaci\u00f3n tumoral.La mediana de supervivencia fue de 16,5 meses (ic 95% 13,7-19,3) con supervivencia a los 5 a\u00f1os 12,3% relacionada con la presencia de 5 \u00f3 m\u00e1s ganglios afectos, estadio e intenci\u00f3n de la resecci\u00f3n.<\/p>\n<p>&nbsp;<\/p>\n<h3>Datos acad\u00e9micos de la tesis doctoral \u00ab<strong>Valor pron\u00f3stico de la oncoprote\u00edna p53 en el carcinoma epidermoide de es\u00f3fago resecado.<\/strong>\u00ab<\/h3>\n<ul>\n<li><strong>T\u00edtulo de la tesis:<\/strong>\u00a0 Valor pron\u00f3stico de la oncoprote\u00edna p53 en el carcinoma epidermoide de es\u00f3fago resecado. <\/li>\n<li><strong>Autor:<\/strong>\u00a0  Fern\u00e1ndez Arguelles Jos\u00e9 Manuel <\/li>\n<li><strong>Universidad:<\/strong>\u00a0 Oviedo<\/li>\n<li><strong>Fecha de lectura de la tesis:<\/strong>\u00a0 16\/11\/2001<\/li>\n<\/ul>\n<p>&nbsp;<\/p>\n<h3>Direcci\u00f3n y tribunal<\/h3>\n<ul>\n<li><strong>Director de la tesis<\/strong>\n<ul>\n<li> Gonz\u00e1lez Gonz\u00e1lez Juan  Jos\u00e9<\/li>\n<\/ul>\n<\/li>\n<li><strong>Tribunal<\/strong>\n<ul>\n<li>Presidente del tribunal: enrique Mart\u00ednez rodr\u00edguez <\/li>\n<li>Antonio  Jos\u00e9 Torres Garc\u00eda (vocal)<\/li>\n<li>jaume Fern\u00e1ndez llamazares rodriguez (vocal)<\/li>\n<li>Jos\u00e9 Aza gonz\u00e1lez (vocal)<\/li>\n<\/ul>\n<\/li>\n<\/ul>\n<p>&nbsp;<\/p>\n","protected":false},"excerpt":{"rendered":"<p>Tesis doctoral de Fern\u00e1ndez Arguelles Jos\u00e9 Manuel Se realiza un estudio de 65 pacientes sometidos a resecci\u00f3n por carcinoma epidermoide [&hellip;]<\/p>\n","protected":false},"author":1,"featured_media":0,"comment_status":"open","ping_status":"open","sticky":false,"template":"","format":"standard","meta":{"site-sidebar-layout":"default","site-content-layout":"","ast-site-content-layout":"","site-content-style":"default","site-sidebar-style":"default","ast-global-header-display":"","ast-banner-title-visibility":"","ast-main-header-display":"","ast-hfb-above-header-display":"","ast-hfb-below-header-display":"","ast-hfb-mobile-header-display":"","site-post-title":"","ast-breadcrumbs-content":"","ast-featured-img":"","footer-sml-layout":"","theme-transparent-header-meta":"","adv-header-id-meta":"","stick-header-meta":"","header-above-stick-meta":"","header-main-stick-meta":"","header-below-stick-meta":"","astra-migrate-meta-layouts":"default","ast-page-background-enabled":"default","ast-page-background-meta":{"desktop":{"background-color":"var(--ast-global-color-4)","background-image":"","background-repeat":"repeat","background-position":"center center","background-size":"auto","background-attachment":"scroll","background-type":"","background-media":"","overlay-type":"","overlay-color":"","overlay-gradient":""},"tablet":{"background-color":"","background-image":"","background-repeat":"repeat","background-position":"center center","background-size":"auto","background-attachment":"scroll","background-type":"","background-media":"","overlay-type":"","overlay-color":"","overlay-gradient":""},"mobile":{"background-color":"","background-image":"","background-repeat":"repeat","background-position":"center center","background-size":"auto","background-attachment":"scroll","background-type":"","background-media":"","overlay-type":"","overlay-color":"","overlay-gradient":""}},"ast-content-background-meta":{"desktop":{"background-color":"var(--ast-global-color-5)","background-image":"","background-repeat":"repeat","background-position":"center center","background-size":"auto","background-attachment":"scroll","background-type":"","background-media":"","overlay-type":"","overlay-color":"","overlay-gradient":""},"tablet":{"background-color":"var(--ast-global-color-5)","background-image":"","background-repeat":"repeat","background-position":"center center","background-size":"auto","background-attachment":"scroll","background-type":"","background-media":"","overlay-type":"","overlay-color":"","overlay-gradient":""},"mobile":{"background-color":"var(--ast-global-color-5)","background-image":"","background-repeat":"repeat","background-position":"center center","background-size":"auto","background-attachment":"scroll","background-type":"","background-media":"","overlay-type":"","overlay-color":"","overlay-gradient":""}},"footnotes":""},"categories":[155,9,347,8846],"tags":[15009,8848,44735,44736,14217,9210],"class_list":["post-13827","post","type-post","status-publish","format-standard","hentry","category-ciencias-clinicas","category-ciencias-medicas","category-oncologia-clinica","category-oviedo","tag-antonio-jose-torres-garcia","tag-enrique-Martinez-rodriguez","tag-fernandez-argaelles-jose-manuel","tag-gonzalez-gonzalez-juan-jose","tag-jaume-fernandez-llamazares-rodriguez","tag-jose-aza-gonzalez"],"_links":{"self":[{"href":"https:\/\/www.deberes.net\/tesis\/wp-json\/wp\/v2\/posts\/13827","targetHints":{"allow":["GET"]}}],"collection":[{"href":"https:\/\/www.deberes.net\/tesis\/wp-json\/wp\/v2\/posts"}],"about":[{"href":"https:\/\/www.deberes.net\/tesis\/wp-json\/wp\/v2\/types\/post"}],"author":[{"embeddable":true,"href":"https:\/\/www.deberes.net\/tesis\/wp-json\/wp\/v2\/users\/1"}],"replies":[{"embeddable":true,"href":"https:\/\/www.deberes.net\/tesis\/wp-json\/wp\/v2\/comments?post=13827"}],"version-history":[{"count":0,"href":"https:\/\/www.deberes.net\/tesis\/wp-json\/wp\/v2\/posts\/13827\/revisions"}],"wp:attachment":[{"href":"https:\/\/www.deberes.net\/tesis\/wp-json\/wp\/v2\/media?parent=13827"}],"wp:term":[{"taxonomy":"category","embeddable":true,"href":"https:\/\/www.deberes.net\/tesis\/wp-json\/wp\/v2\/categories?post=13827"},{"taxonomy":"post_tag","embeddable":true,"href":"https:\/\/www.deberes.net\/tesis\/wp-json\/wp\/v2\/tags?post=13827"}],"curies":[{"name":"wp","href":"https:\/\/api.w.org\/{rel}","templated":true}]}}