{"id":138309,"date":"2026-01-12T17:34:22","date_gmt":"2026-01-12T17:34:22","guid":{"rendered":"https:\/\/www.deberes.net\/tesis\/sin-categoria\/impuesto-sobre-bienes-inmuebles-analisis-economico-de-la-provincia-de-lerida\/"},"modified":"2026-01-12T17:34:22","modified_gmt":"2026-01-12T17:34:22","slug":"impuesto-sobre-bienes-inmuebles-analisis-economico-de-la-provincia-de-lerida","status":"publish","type":"post","link":"https:\/\/www.deberes.net\/tesis\/ciencias-economicas\/impuesto-sobre-bienes-inmuebles-analisis-economico-de-la-provincia-de-lerida\/","title":{"rendered":"Impuesto sobre bienes inmuebles: analisis economico de la provincia de lerida."},"content":{"rendered":"<h2>Tesis doctoral de <strong> Josep Domingo Daza <\/strong><\/h2>\n<p>La tesis estudia los impuestos de caracter anual que gravan los bienes inmuebles, cuyo hecho imponible es su propiedad y cuya base imponible excluye otros conceptos.  estructuralmente se divide en dos volumenes.  el volumen i recoge nueve capitulos. En los cuatro primeros se exponen los origenes de las contribuciones urbanas, su desarrollo legislativo hasta la actualidad, analizandose con profundidad la ley 39\/1988 en lo referido al impuesto sobre bienes inmuebles. Los capitulos v y vi estudian las caracteristicas mas destacadas de los impuestos inmobiliarios en los paises de la o.C.D.E., Estando el capitulo vii dedicado a la incidencia del impuesto sobre la demanda de bienes inmobiliarios y respecto a la renta.  en el capitulo viii se investiga en el contexto de la provincia de lerida la relacion existente entre el valor catastral como elemento de riqueza urbana y la base imponible media de renta, siendo el capitulo ix de conclusiones. El volumen ii anexo recoge los metodos estadisticos utilizados.<\/p>\n<p>&nbsp;<\/p>\n<h3>Datos acad\u00e9micos de la tesis doctoral \u00ab<strong>Impuesto sobre bienes inmuebles: analisis economico de la provincia de lerida.<\/strong>\u00ab<\/h3>\n<ul>\n<li><strong>T\u00edtulo de la tesis:<\/strong>\u00a0 Impuesto sobre bienes inmuebles: analisis economico de la provincia de lerida. <\/li>\n<li><strong>Autor:<\/strong>\u00a0 Josep Domingo Daza <\/li>\n<li><strong>Universidad:<\/strong>\u00a0 Barcelona<\/li>\n<li><strong>Fecha de lectura de la tesis:<\/strong>\u00a0 01\/01\/1992<\/li>\n<\/ul>\n<p>&nbsp;<\/p>\n<h3>Direcci\u00f3n y tribunal<\/h3>\n<ul>\n<li><strong>Director de la tesis<\/strong>\n<ul>\n<li>Alejandro Pedr\u00f3s Abell\u00f3<\/li>\n<\/ul>\n<\/li>\n<li><strong>Tribunal<\/strong>\n<ul>\n<li>Presidente del tribunal: Carles Calleja Xifre <\/li>\n<li>Jos\u00e9 Antonio Garc\u00eda Dur\u00e1n De Lara (vocal)<\/li>\n<li>Antoni Castells Oliveres (vocal)<\/li>\n<li>Juan Cals Guell (vocal)<\/li>\n<\/ul>\n<\/li>\n<\/ul>\n<p>&nbsp;<\/p>\n","protected":false},"excerpt":{"rendered":"<p>Tesis doctoral de Josep Domingo Daza La tesis estudia los impuestos de caracter anual que gravan los bienes inmuebles, cuyo [&hellip;]<\/p>\n","protected":false},"author":1,"featured_media":0,"comment_status":"open","ping_status":"open","sticky":false,"template":"","format":"standard","meta":{"site-sidebar-layout":"default","site-content-layout":"","ast-site-content-layout":"","site-content-style":"default","site-sidebar-style":"default","ast-global-header-display":"","ast-banner-title-visibility":"","ast-main-header-display":"","ast-hfb-above-header-display":"","ast-hfb-below-header-display":"","ast-hfb-mobile-header-display":"","site-post-title":"","ast-breadcrumbs-content":"","ast-featured-img":"","footer-sml-layout":"","theme-transparent-header-meta":"","adv-header-id-meta":"","stick-header-meta":"","header-above-stick-meta":"","header-main-stick-meta":"","header-below-stick-meta":"","astra-migrate-meta-layouts":"default","ast-page-background-enabled":"default","ast-page-background-meta":{"desktop":{"background-color":"var(--ast-global-color-4)","background-image":"","background-repeat":"repeat","background-position":"center center","background-size":"auto","background-attachment":"scroll","background-type":"","background-media":"","overlay-type":"","overlay-color":"","overlay-gradient":""},"tablet":{"background-color":"","background-image":"","background-repeat":"repeat","background-position":"center center","background-size":"auto","background-attachment":"scroll","background-type":"","background-media":"","overlay-type":"","overlay-color":"","overlay-gradient":""},"mobile":{"background-color":"","background-image":"","background-repeat":"repeat","background-position":"center center","background-size":"auto","background-attachment":"scroll","background-type":"","background-media":"","overlay-type":"","overlay-color":"","overlay-gradient":""}},"ast-content-background-meta":{"desktop":{"background-color":"var(--ast-global-color-5)","background-image":"","background-repeat":"repeat","background-position":"center center","background-size":"auto","background-attachment":"scroll","background-type":"","background-media":"","overlay-type":"","overlay-color":"","overlay-gradient":""},"tablet":{"background-color":"var(--ast-global-color-5)","background-image":"","background-repeat":"repeat","background-position":"center center","background-size":"auto","background-attachment":"scroll","background-type":"","background-media":"","overlay-type":"","overlay-color":"","overlay-gradient":""},"mobile":{"background-color":"var(--ast-global-color-5)","background-image":"","background-repeat":"repeat","background-position":"center center","background-size":"auto","background-attachment":"scroll","background-type":"","background-media":"","overlay-type":"","overlay-color":"","overlay-gradient":""}},"footnotes":""},"categories":[951,82,974,1068,6837,6838],"tags":[55671,33579,115787,12680,252832,11761],"class_list":["post-138309","post","type-post","status-publish","format-standard","hentry","category-barcelona","category-ciencias-economicas","category-econometria","category-estadistica-economica","category-politica-fiscal-y-deuda-publica","category-politica-fiscal-y-hacienda-publica-nacionales","tag-alejandro-pedros-abello","tag-antoni-castells-oliveres","tag-carles-calleja-xifre","tag-jose-antonio-garcia-duran-de-lara","tag-josep-domingo-daza","tag-juan-cals-guell"],"_links":{"self":[{"href":"https:\/\/www.deberes.net\/tesis\/wp-json\/wp\/v2\/posts\/138309","targetHints":{"allow":["GET"]}}],"collection":[{"href":"https:\/\/www.deberes.net\/tesis\/wp-json\/wp\/v2\/posts"}],"about":[{"href":"https:\/\/www.deberes.net\/tesis\/wp-json\/wp\/v2\/types\/post"}],"author":[{"embeddable":true,"href":"https:\/\/www.deberes.net\/tesis\/wp-json\/wp\/v2\/users\/1"}],"replies":[{"embeddable":true,"href":"https:\/\/www.deberes.net\/tesis\/wp-json\/wp\/v2\/comments?post=138309"}],"version-history":[{"count":0,"href":"https:\/\/www.deberes.net\/tesis\/wp-json\/wp\/v2\/posts\/138309\/revisions"}],"wp:attachment":[{"href":"https:\/\/www.deberes.net\/tesis\/wp-json\/wp\/v2\/media?parent=138309"}],"wp:term":[{"taxonomy":"category","embeddable":true,"href":"https:\/\/www.deberes.net\/tesis\/wp-json\/wp\/v2\/categories?post=138309"},{"taxonomy":"post_tag","embeddable":true,"href":"https:\/\/www.deberes.net\/tesis\/wp-json\/wp\/v2\/tags?post=138309"}],"curies":[{"name":"wp","href":"https:\/\/api.w.org\/{rel}","templated":true}]}}