{"id":138382,"date":"2026-01-12T17:35:00","date_gmt":"2026-01-12T17:35:00","guid":{"rendered":"https:\/\/www.deberes.net\/tesis\/sin-categoria\/el-vocalismo-del-andaluz-oriental\/"},"modified":"2026-01-12T17:35:00","modified_gmt":"2026-01-12T17:35:00","slug":"el-vocalismo-del-andaluz-oriental","status":"publish","type":"post","link":"https:\/\/www.deberes.net\/tesis\/linguistica\/el-vocalismo-del-andaluz-oriental\/","title":{"rendered":"El vocalismo del andaluz oriental."},"content":{"rendered":"<h2>Tesis doctoral de <strong> Antonia Martinez Melgar <\/strong><\/h2>\n<p>Se ha llevado a cabo un estudio sobre las vocales andaluzas. Se trata de revisar concretamente el sistema nominal y el funcionamiento de los plurales, siendo el responsable inicial de las transformaciones por estudiar el fonema \/s\/ final de palabra aspirado y perdido. Este fenomeno provoca en principio un cambio de timbre en la vocal final, que se puede transmitir a la tonica y al resto de vocales de la palabra.  el material para esta investigacion fue recogido durante el verano de 1987. En los diversos puntos visitados (pueblos de jaen; granada y almeria) grabe en cinta magnetofonica un total de ocho horas y quince minutos, siendo noventa y uno el total de informantes encuestados.  analizado el material con el instrumental del laboratorio de fonetica de la facultad de filolog\u00eda de la universidad de barcelona, se ha obtenido un total de 19930 datos, sometidos posteriormente a analisis estadistico. En cuanto a las conclusiones, se ha podido observar el comportamiento armonico de las vocales del plural del andaluz oriental, incluso cuando existen vocales trabadas en el interior de las palabras (se ha encontrado, no obstante, que los fonemas \/i\/ \/u\/ tonicos y finales de palabra se alejan generalmente de esta linea), y el caracter original del consonantismo andaluz.<\/p>\n<p>&nbsp;<\/p>\n<h3>Datos acad\u00e9micos de la tesis doctoral \u00ab<strong>El vocalismo del andaluz oriental.<\/strong>\u00ab<\/h3>\n<ul>\n<li><strong>T\u00edtulo de la tesis:<\/strong>\u00a0 El vocalismo del andaluz oriental. <\/li>\n<li><strong>Autor:<\/strong>\u00a0 Antonia Martinez Melgar <\/li>\n<li><strong>Universidad:<\/strong>\u00a0 Barcelona<\/li>\n<li><strong>Fecha de lectura de la tesis:<\/strong>\u00a0 01\/01\/1992<\/li>\n<\/ul>\n<p>&nbsp;<\/p>\n<h3>Direcci\u00f3n y tribunal<\/h3>\n<ul>\n<li><strong>Director de la tesis<\/strong>\n<ul>\n<li>Eugenio Martinez Celdran<\/li>\n<\/ul>\n<\/li>\n<li><strong>Tribunal<\/strong>\n<ul>\n<li>Presidente del tribunal: Jes\u00fas Tuson Valls <\/li>\n<li>Manuel Ariza Viguera (vocal)<\/li>\n<li>Coloma Lleal Galceran (vocal)<\/li>\n<li>Josep Mar\u00eda Sol\u00e9  Sabat\u00e9 (vocal)<\/li>\n<\/ul>\n<\/li>\n<\/ul>\n<p>&nbsp;<\/p>\n","protected":false},"excerpt":{"rendered":"<p>Tesis doctoral de Antonia Martinez Melgar Se ha llevado a cabo un estudio sobre las vocales andaluzas. Se trata de [&hellip;]<\/p>\n","protected":false},"author":1,"featured_media":0,"comment_status":"open","ping_status":"open","sticky":false,"template":"","format":"standard","meta":{"site-sidebar-layout":"default","site-content-layout":"","ast-site-content-layout":"","site-content-style":"default","site-sidebar-style":"default","ast-global-header-display":"","ast-banner-title-visibility":"","ast-main-header-display":"","ast-hfb-above-header-display":"","ast-hfb-below-header-display":"","ast-hfb-mobile-header-display":"","site-post-title":"","ast-breadcrumbs-content":"","ast-featured-img":"","footer-sml-layout":"","theme-transparent-header-meta":"","adv-header-id-meta":"","stick-header-meta":"","header-above-stick-meta":"","header-main-stick-meta":"","header-below-stick-meta":"","astra-migrate-meta-layouts":"default","ast-page-background-enabled":"default","ast-page-background-meta":{"desktop":{"background-color":"var(--ast-global-color-4)","background-image":"","background-repeat":"repeat","background-position":"center center","background-size":"auto","background-attachment":"scroll","background-type":"","background-media":"","overlay-type":"","overlay-color":"","overlay-gradient":""},"tablet":{"background-color":"","background-image":"","background-repeat":"repeat","background-position":"center center","background-size":"auto","background-attachment":"scroll","background-type":"","background-media":"","overlay-type":"","overlay-color":"","overlay-gradient":""},"mobile":{"background-color":"","background-image":"","background-repeat":"repeat","background-position":"center center","background-size":"auto","background-attachment":"scroll","background-type":"","background-media":"","overlay-type":"","overlay-color":"","overlay-gradient":""}},"ast-content-background-meta":{"desktop":{"background-color":"var(--ast-global-color-5)","background-image":"","background-repeat":"repeat","background-position":"center center","background-size":"auto","background-attachment":"scroll","background-type":"","background-media":"","overlay-type":"","overlay-color":"","overlay-gradient":""},"tablet":{"background-color":"var(--ast-global-color-5)","background-image":"","background-repeat":"repeat","background-position":"center center","background-size":"auto","background-attachment":"scroll","background-type":"","background-media":"","overlay-type":"","overlay-color":"","overlay-gradient":""},"mobile":{"background-color":"var(--ast-global-color-5)","background-image":"","background-repeat":"repeat","background-position":"center center","background-size":"auto","background-attachment":"scroll","background-type":"","background-media":"","overlay-type":"","overlay-color":"","overlay-gradient":""}},"footnotes":""},"categories":[951,10487,59,62],"tags":[252912,43675,14082,12335,42162,7909],"class_list":["post-138382","post","type-post","status-publish","format-standard","hentry","category-barcelona","category-fonetica","category-linguistica","category-linguistica-sincronica","tag-antonia-Martinez-melgar","tag-coloma-lleal-galceran","tag-eugenio-Martinez-celdran","tag-jesus-tuson-valls","tag-josep-maria-sole-sabate","tag-manuel-ariza-viguera"],"_links":{"self":[{"href":"https:\/\/www.deberes.net\/tesis\/wp-json\/wp\/v2\/posts\/138382","targetHints":{"allow":["GET"]}}],"collection":[{"href":"https:\/\/www.deberes.net\/tesis\/wp-json\/wp\/v2\/posts"}],"about":[{"href":"https:\/\/www.deberes.net\/tesis\/wp-json\/wp\/v2\/types\/post"}],"author":[{"embeddable":true,"href":"https:\/\/www.deberes.net\/tesis\/wp-json\/wp\/v2\/users\/1"}],"replies":[{"embeddable":true,"href":"https:\/\/www.deberes.net\/tesis\/wp-json\/wp\/v2\/comments?post=138382"}],"version-history":[{"count":0,"href":"https:\/\/www.deberes.net\/tesis\/wp-json\/wp\/v2\/posts\/138382\/revisions"}],"wp:attachment":[{"href":"https:\/\/www.deberes.net\/tesis\/wp-json\/wp\/v2\/media?parent=138382"}],"wp:term":[{"taxonomy":"category","embeddable":true,"href":"https:\/\/www.deberes.net\/tesis\/wp-json\/wp\/v2\/categories?post=138382"},{"taxonomy":"post_tag","embeddable":true,"href":"https:\/\/www.deberes.net\/tesis\/wp-json\/wp\/v2\/tags?post=138382"}],"curies":[{"name":"wp","href":"https:\/\/api.w.org\/{rel}","templated":true}]}}