{"id":13842,"date":"2018-03-09T09:00:17","date_gmt":"2018-03-09T09:00:17","guid":{"rendered":"https:\/\/www.deberes.net\/tesis\/sin-categoria\/cuadernos-de-ruedo-iberico-1965-1979-exilio-cultura-de-oposicion-y-memoria-historica\/"},"modified":"2018-03-09T09:00:17","modified_gmt":"2018-03-09T09:00:17","slug":"cuadernos-de-ruedo-iberico-1965-1979-exilio-cultura-de-oposicion-y-memoria-historica","status":"publish","type":"post","link":"https:\/\/www.deberes.net\/tesis\/historia\/cuadernos-de-ruedo-iberico-1965-1979-exilio-cultura-de-oposicion-y-memoria-historica\/","title":{"rendered":"Cuadernos de ruedo ib\u00e9rico (1965-1979) exilio, cultura de oposici\u00f3n y memoria hist\u00f3rica"},"content":{"rendered":"<h2>Tesis doctoral de <strong>  Sarr\u00eda Buil M. Ar\u00e1nzazu <\/strong><\/h2>\n<p>En 1965, las ediciones ruedo ib\u00e9rico, instaladas en par\u00eds, lanzan una tribuna antifranquista abierta a todas las personas independientes o que quisieran expresar p\u00fablicamente posiciones independientes a las de sus partidos de origen. Esta nueva publicaci\u00f3n lleva por t\u00edtulo cuadernos de ruedo ib\u00e9rico y vendr\u00e1 a reforzar la lucha contra la censura del r\u00e9gimen de franco ya iniciada por la editorial, dirigida desde su creaci\u00f3n en 1961 por el exiliado espa\u00f1ol, jos\u00e9 mart\u00ednez guerricabeitia.  la revista nace en el seno de una editorial deseosa de publicar obras que evitaran la desaparici\u00f3n de la memoria hist\u00f3rica y permitieran desmitificar la historia de la guerra civil tal y como era presentada por el r\u00e9gimen. su estatus de publicaci\u00f3n de resistencia as\u00ed como su capacidad de construir uan opini\u00f3n p\u00fablica har\u00e1n de ella una de las producciones culturales del exilio m\u00e1s influyentes en espa\u00f1a.  el objetivo de esta tesis es abordar en profundidad la colecci\u00f3n de cuadernos de ruedo ib\u00e9rico (1965-1979), para retrazar las huellas de un proyecto pol\u00edtico y dilucidar si su presencia en el panorama del momento supone una contribuci\u00f3n a la historia cultural espa\u00f1ola, a lo largo de las dos d\u00e9cadas claves que encierran el paso de un r\u00e9gimen dictatorial en descomposici\u00f3n a un sistema democr\u00e1tico.  nuestro estudio est\u00e1 dividido en tres partes. La primera quiere enmarcar la creaci\u00f3n de editions ruedo ib\u00e9rico en el par\u00eds de los a\u00f1os sesenta, para comprender la gestaci\u00f3n de la revista. La segunda y tercera parte est\u00e1n dedicadas al an\u00e1lisis de la publicaci\u00f3n a trav\u00e9s del vaciado de su p\u00e1ginas. Verdadero testimonio de la actualidad, la revista se posiciona con respecto a la evoluci\u00f3n de los acontecimientos pol\u00edticos de su tiempo. su decadencia tras la dictadura revela las dificultades que encuentran las empresas preocupadas por mantener una cultura alternativa durante la elaboraci\u00f3n del proceso de transici\u00f3n, al mismo<\/p>\n<p>&nbsp;<\/p>\n<h3>Datos acad\u00e9micos de la tesis doctoral \u00ab<strong>Cuadernos de ruedo ib\u00e9rico (1965-1979) exilio, cultura de oposici\u00f3n y memoria hist\u00f3rica<\/strong>\u00ab<\/h3>\n<ul>\n<li><strong>T\u00edtulo de la tesis:<\/strong>\u00a0 Cuadernos de ruedo ib\u00e9rico (1965-1979) exilio, cultura de oposici\u00f3n y memoria hist\u00f3rica <\/li>\n<li><strong>Autor:<\/strong>\u00a0  Sarr\u00eda Buil M. Ar\u00e1nzazu <\/li>\n<li><strong>Universidad:<\/strong>\u00a0 Zaragoza<\/li>\n<li><strong>Fecha de lectura de la tesis:<\/strong>\u00a0 16\/11\/2001<\/li>\n<\/ul>\n<p>&nbsp;<\/p>\n<h3>Direcci\u00f3n y tribunal<\/h3>\n<ul>\n<li><strong>Director de la tesis<\/strong>\n<ul>\n<li>Julian Casanova Ruiz<\/li>\n<\/ul>\n<\/li>\n<li><strong>Tribunal<\/strong>\n<ul>\n<li>Presidente del tribunal:  Carreras ares Juan  jos\u00e9 <\/li>\n<li>eloy Fernandez clemente (vocal)<\/li>\n<li>marie Claude chaput (vocal)<\/li>\n<li>alicia Alted vigil (vocal)<\/li>\n<\/ul>\n<\/li>\n<\/ul>\n<p>&nbsp;<\/p>\n","protected":false},"excerpt":{"rendered":"<p>Tesis doctoral de Sarr\u00eda Buil M. Ar\u00e1nzazu En 1965, las ediciones ruedo ib\u00e9rico, instaladas en par\u00eds, lanzan una tribuna antifranquista [&hellip;]<\/p>\n","protected":false},"author":1,"featured_media":0,"comment_status":"open","ping_status":"open","sticky":false,"template":"","format":"standard","meta":{"site-sidebar-layout":"default","site-content-layout":"","ast-site-content-layout":"","site-content-style":"default","site-sidebar-style":"default","ast-global-header-display":"","ast-banner-title-visibility":"","ast-main-header-display":"","ast-hfb-above-header-display":"","ast-hfb-below-header-display":"","ast-hfb-mobile-header-display":"","site-post-title":"","ast-breadcrumbs-content":"","ast-featured-img":"","footer-sml-layout":"","theme-transparent-header-meta":"","adv-header-id-meta":"","stick-header-meta":"","header-above-stick-meta":"","header-main-stick-meta":"","header-below-stick-meta":"","astra-migrate-meta-layouts":"default","ast-page-background-enabled":"default","ast-page-background-meta":{"desktop":{"background-color":"var(--ast-global-color-4)","background-image":"","background-repeat":"repeat","background-position":"center center","background-size":"auto","background-attachment":"scroll","background-type":"","background-media":"","overlay-type":"","overlay-color":"","overlay-gradient":""},"tablet":{"background-color":"","background-image":"","background-repeat":"repeat","background-position":"center center","background-size":"auto","background-attachment":"scroll","background-type":"","background-media":"","overlay-type":"","overlay-color":"","overlay-gradient":""},"mobile":{"background-color":"","background-image":"","background-repeat":"repeat","background-position":"center center","background-size":"auto","background-attachment":"scroll","background-type":"","background-media":"","overlay-type":"","overlay-color":"","overlay-gradient":""}},"ast-content-background-meta":{"desktop":{"background-color":"var(--ast-global-color-5)","background-image":"","background-repeat":"repeat","background-position":"center center","background-size":"auto","background-attachment":"scroll","background-type":"","background-media":"","overlay-type":"","overlay-color":"","overlay-gradient":""},"tablet":{"background-color":"var(--ast-global-color-5)","background-image":"","background-repeat":"repeat","background-position":"center center","background-size":"auto","background-attachment":"scroll","background-type":"","background-media":"","overlay-type":"","overlay-color":"","overlay-gradient":""},"mobile":{"background-color":"var(--ast-global-color-5)","background-image":"","background-repeat":"repeat","background-position":"center center","background-size":"auto","background-attachment":"scroll","background-type":"","background-media":"","overlay-type":"","overlay-color":"","overlay-gradient":""}},"footnotes":""},"categories":[104,1816,3538,5812,106,220,222,105,13610],"tags":[8712,8497,8632,28707,44777,44776],"class_list":["post-13842","post","type-post","status-publish","format-standard","hentry","category-historia","category-historia-contemporanea","category-historia-de-las-ideas-politicas","category-historia-del-periodismo","category-historia-general","category-historia-por-epocas","category-historias-especializadas","category-monografias-historicas","category-zaragoza","tag-alicia-alted-vigil","tag-carreras-ares-juan-jose","tag-eloy-fernandez-clemente","tag-julian-casanova-ruiz","tag-marie-claude-chaput","tag-sarria-buil-m-aranzazu"],"_links":{"self":[{"href":"https:\/\/www.deberes.net\/tesis\/wp-json\/wp\/v2\/posts\/13842","targetHints":{"allow":["GET"]}}],"collection":[{"href":"https:\/\/www.deberes.net\/tesis\/wp-json\/wp\/v2\/posts"}],"about":[{"href":"https:\/\/www.deberes.net\/tesis\/wp-json\/wp\/v2\/types\/post"}],"author":[{"embeddable":true,"href":"https:\/\/www.deberes.net\/tesis\/wp-json\/wp\/v2\/users\/1"}],"replies":[{"embeddable":true,"href":"https:\/\/www.deberes.net\/tesis\/wp-json\/wp\/v2\/comments?post=13842"}],"version-history":[{"count":0,"href":"https:\/\/www.deberes.net\/tesis\/wp-json\/wp\/v2\/posts\/13842\/revisions"}],"wp:attachment":[{"href":"https:\/\/www.deberes.net\/tesis\/wp-json\/wp\/v2\/media?parent=13842"}],"wp:term":[{"taxonomy":"category","embeddable":true,"href":"https:\/\/www.deberes.net\/tesis\/wp-json\/wp\/v2\/categories?post=13842"},{"taxonomy":"post_tag","embeddable":true,"href":"https:\/\/www.deberes.net\/tesis\/wp-json\/wp\/v2\/tags?post=13842"}],"curies":[{"name":"wp","href":"https:\/\/api.w.org\/{rel}","templated":true}]}}