{"id":13844,"date":"2018-03-09T09:00:17","date_gmt":"2018-03-09T09:00:17","guid":{"rendered":"https:\/\/www.deberes.net\/tesis\/sin-categoria\/la-obra-del-compositor-joan-guinjoan\/"},"modified":"2018-03-09T09:00:17","modified_gmt":"2018-03-09T09:00:17","slug":"la-obra-del-compositor-joan-guinjoan","status":"publish","type":"post","link":"https:\/\/www.deberes.net\/tesis\/historia\/la-obra-del-compositor-joan-guinjoan\/","title":{"rendered":"La obra del compositor joan guinjoan"},"content":{"rendered":"<h2>Tesis doctoral de <strong>  Fern\u00e1ndez Garc\u00eda Rosa M. <\/strong><\/h2>\n<p>La tesis aborda el estudio de las composiciones musicales de joan guinjoan, a trav\u00e9s de distintos procesos anal\u00edticos derivados de los aspectos fundamentales y m\u00e1s rese\u00f1ables de estas obras. Al mismo tiempo, aporta un estudio est\u00e9tico sobre las cuestiones art\u00edsticas inherentes a estas creaciones como son la categoria de belleza, verdad, etc, y su plasmaci\u00f3n en la obra guinjoaniana la tesis finaliza con un cat\u00e1logo completa de la obra del m\u00fasico.<\/p>\n<p>&nbsp;<\/p>\n<h3>Datos acad\u00e9micos de la tesis doctoral \u00ab<strong>La obra del compositor joan guinjoan<\/strong>\u00ab<\/h3>\n<ul>\n<li><strong>T\u00edtulo de la tesis:<\/strong>\u00a0 La obra del compositor joan guinjoan <\/li>\n<li><strong>Autor:<\/strong>\u00a0  Fern\u00e1ndez Garc\u00eda Rosa M. <\/li>\n<li><strong>Universidad:<\/strong>\u00a0 Aut\u00f3noma de barcelona<\/li>\n<li><strong>Fecha de lectura de la tesis:<\/strong>\u00a0 16\/11\/2001<\/li>\n<\/ul>\n<p>&nbsp;<\/p>\n<h3>Direcci\u00f3n y tribunal<\/h3>\n<ul>\n<li><strong>Director de la tesis<\/strong>\n<ul>\n<li>Francesc Bonastre Beltran<\/li>\n<\/ul>\n<\/li>\n<li><strong>Tribunal<\/strong>\n<ul>\n<li>Presidente del tribunal: emilia Casares rodicino <\/li>\n<li>Carlos Villanueva abelairas (vocal)<\/li>\n<li>cesar Calmell piguillem (vocal)<\/li>\n<li>xos\u00e9 Avi\u00f1oa p\u00e9rez (vocal)<\/li>\n<\/ul>\n<\/li>\n<\/ul>\n<p>&nbsp;<\/p>\n","protected":false},"excerpt":{"rendered":"<p>Tesis doctoral de Fern\u00e1ndez Garc\u00eda Rosa M. La tesis aborda el estudio de las composiciones musicales de joan guinjoan, a [&hellip;]<\/p>\n","protected":false},"author":1,"featured_media":0,"comment_status":"open","ping_status":"open","sticky":false,"template":"","format":"standard","meta":{"site-sidebar-layout":"default","site-content-layout":"","ast-site-content-layout":"","site-content-style":"default","site-sidebar-style":"default","ast-global-header-display":"","ast-banner-title-visibility":"","ast-main-header-display":"","ast-hfb-above-header-display":"","ast-hfb-below-header-display":"","ast-hfb-mobile-header-display":"","site-post-title":"","ast-breadcrumbs-content":"","ast-featured-img":"","footer-sml-layout":"","theme-transparent-header-meta":"","adv-header-id-meta":"","stick-header-meta":"","header-above-stick-meta":"","header-main-stick-meta":"","header-below-stick-meta":"","astra-migrate-meta-layouts":"default","ast-page-background-enabled":"default","ast-page-background-meta":{"desktop":{"background-color":"var(--ast-global-color-4)","background-image":"","background-repeat":"repeat","background-position":"center center","background-size":"auto","background-attachment":"scroll","background-type":"","background-media":"","overlay-type":"","overlay-color":"","overlay-gradient":""},"tablet":{"background-color":"","background-image":"","background-repeat":"repeat","background-position":"center center","background-size":"auto","background-attachment":"scroll","background-type":"","background-media":"","overlay-type":"","overlay-color":"","overlay-gradient":""},"mobile":{"background-color":"","background-image":"","background-repeat":"repeat","background-position":"center center","background-size":"auto","background-attachment":"scroll","background-type":"","background-media":"","overlay-type":"","overlay-color":"","overlay-gradient":""}},"ast-content-background-meta":{"desktop":{"background-color":"var(--ast-global-color-5)","background-image":"","background-repeat":"repeat","background-position":"center center","background-size":"auto","background-attachment":"scroll","background-type":"","background-media":"","overlay-type":"","overlay-color":"","overlay-gradient":""},"tablet":{"background-color":"var(--ast-global-color-5)","background-image":"","background-repeat":"repeat","background-position":"center center","background-size":"auto","background-attachment":"scroll","background-type":"","background-media":"","overlay-type":"","overlay-color":"","overlay-gradient":""},"mobile":{"background-color":"var(--ast-global-color-5)","background-image":"","background-repeat":"repeat","background-position":"center center","background-size":"auto","background-attachment":"scroll","background-type":"","background-media":"","overlay-type":"","overlay-color":"","overlay-gradient":""}},"footnotes":""},"categories":[147,104,7632,222,9132,1111],"tags":[25408,44783,44782,44780,44781,20232],"class_list":["post-13844","post","type-post","status-publish","format-standard","hentry","category-ciencias-de-las-artes-y-las-letras","category-historia","category-historia-de-la-musica","category-historias-especializadas","category-musica-y-musicologia","category-teoria-analisis-y-critica-de-las-bellas-artes","tag-carlos-villanueva-abelairas","tag-cesar-calmell-piguillem","tag-emilia-casares-rodicino","tag-fernandez-garcia-rosa-m","tag-francesc-bonastre-beltran","tag-xose-avinoa-perez"],"_links":{"self":[{"href":"https:\/\/www.deberes.net\/tesis\/wp-json\/wp\/v2\/posts\/13844","targetHints":{"allow":["GET"]}}],"collection":[{"href":"https:\/\/www.deberes.net\/tesis\/wp-json\/wp\/v2\/posts"}],"about":[{"href":"https:\/\/www.deberes.net\/tesis\/wp-json\/wp\/v2\/types\/post"}],"author":[{"embeddable":true,"href":"https:\/\/www.deberes.net\/tesis\/wp-json\/wp\/v2\/users\/1"}],"replies":[{"embeddable":true,"href":"https:\/\/www.deberes.net\/tesis\/wp-json\/wp\/v2\/comments?post=13844"}],"version-history":[{"count":0,"href":"https:\/\/www.deberes.net\/tesis\/wp-json\/wp\/v2\/posts\/13844\/revisions"}],"wp:attachment":[{"href":"https:\/\/www.deberes.net\/tesis\/wp-json\/wp\/v2\/media?parent=13844"}],"wp:term":[{"taxonomy":"category","embeddable":true,"href":"https:\/\/www.deberes.net\/tesis\/wp-json\/wp\/v2\/categories?post=13844"},{"taxonomy":"post_tag","embeddable":true,"href":"https:\/\/www.deberes.net\/tesis\/wp-json\/wp\/v2\/tags?post=13844"}],"curies":[{"name":"wp","href":"https:\/\/api.w.org\/{rel}","templated":true}]}}