{"id":138478,"date":"2026-01-12T17:35:50","date_gmt":"2026-01-12T17:35:50","guid":{"rendered":"https:\/\/www.deberes.net\/tesis\/sin-categoria\/marco-referencial-para-una-propuesta-de-innovacion-en-la-formacion-de-profesores-de-la-universidad-de-la-serena-chile\/"},"modified":"2026-01-12T17:35:50","modified_gmt":"2026-01-12T17:35:50","slug":"marco-referencial-para-una-propuesta-de-innovacion-en-la-formacion-de-profesores-de-la-universidad-de-la-serena-chile","status":"publish","type":"post","link":"https:\/\/www.deberes.net\/tesis\/barcelona\/marco-referencial-para-una-propuesta-de-innovacion-en-la-formacion-de-profesores-de-la-universidad-de-la-serena-chile\/","title":{"rendered":"Marco referencial para una propuesta de innovacion en la formacion de profesores de la universidad de la serena (chile)."},"content":{"rendered":"<h2>Tesis doctoral de <strong>  Soto Carrasco M. Hilda <\/strong><\/h2>\n<p>La tesis se centra en la formacion de profesores en la universidad de la serena, chile, y las posibilidades de optimizacion del proceso. Para ello se establece un marco referencial teorico-conceptual sobre las nuevas tendencias en educacion, organizacion escolar, rol y funciones del profesor, sobre el cual se elabora una propuesta de innovacion curricular que tenga pertinencia y posibilidad de aplicacion en el contexto de la realidad chilena y de la universidad de la serena, especificamente.  la tesis se realiza como investigacion educativa, en una perspectiva interpretativa y con la utilizacion del metodo estudio de caso.       La propuesta es referencial para iniciar la reflexion critica entre los involucrados en el proceso para promover una investigacion-accion.<\/p>\n<p>&nbsp;<\/p>\n<h3>Datos acad\u00e9micos de la tesis doctoral \u00ab<strong>Marco referencial para una propuesta de innovacion en la formacion de profesores de la universidad de la serena (chile).<\/strong>\u00ab<\/h3>\n<ul>\n<li><strong>T\u00edtulo de la tesis:<\/strong>\u00a0 Marco referencial para una propuesta de innovacion en la formacion de profesores de la universidad de la serena (chile). <\/li>\n<li><strong>Autor:<\/strong>\u00a0  Soto Carrasco M. Hilda <\/li>\n<li><strong>Universidad:<\/strong>\u00a0 Barcelona<\/li>\n<li><strong>Fecha de lectura de la tesis:<\/strong>\u00a0 01\/01\/1992<\/li>\n<\/ul>\n<p>&nbsp;<\/p>\n<h3>Direcci\u00f3n y tribunal<\/h3>\n<ul>\n<li><strong>Director de la tesis<\/strong>\n<ul>\n<li>Francisco Imbernon Mu\u00f1oz<\/li>\n<\/ul>\n<\/li>\n<li><strong>Tribunal<\/strong>\n<ul>\n<li>Presidente del tribunal: Joan Mateo Andres <\/li>\n<li>Joaquin Gairin Sallan (vocal)<\/li>\n<li>Adalberto Ferrandez Arepaz (vocal)<\/li>\n<li>Jos\u00e9 Antonio Garc\u00eda Su\u00e1rez (vocal)<\/li>\n<\/ul>\n<\/li>\n<\/ul>\n<p>&nbsp;<\/p>\n","protected":false},"excerpt":{"rendered":"<p>Tesis doctoral de Soto Carrasco M. Hilda La tesis se centra en la formacion de profesores en la universidad de [&hellip;]<\/p>\n","protected":false},"author":1,"featured_media":0,"comment_status":"open","ping_status":"open","sticky":false,"template":"","format":"standard","meta":{"site-sidebar-layout":"default","site-content-layout":"","ast-site-content-layout":"","site-content-style":"default","site-sidebar-style":"default","ast-global-header-display":"","ast-banner-title-visibility":"","ast-main-header-display":"","ast-hfb-above-header-display":"","ast-hfb-below-header-display":"","ast-hfb-mobile-header-display":"","site-post-title":"","ast-breadcrumbs-content":"","ast-featured-img":"","footer-sml-layout":"","theme-transparent-header-meta":"","adv-header-id-meta":"","stick-header-meta":"","header-above-stick-meta":"","header-main-stick-meta":"","header-below-stick-meta":"","astra-migrate-meta-layouts":"default","ast-page-background-enabled":"default","ast-page-background-meta":{"desktop":{"background-color":"var(--ast-global-color-4)","background-image":"","background-repeat":"repeat","background-position":"center center","background-size":"auto","background-attachment":"scroll","background-type":"","background-media":"","overlay-type":"","overlay-color":"","overlay-gradient":""},"tablet":{"background-color":"","background-image":"","background-repeat":"repeat","background-position":"center center","background-size":"auto","background-attachment":"scroll","background-type":"","background-media":"","overlay-type":"","overlay-color":"","overlay-gradient":""},"mobile":{"background-color":"","background-image":"","background-repeat":"repeat","background-position":"center center","background-size":"auto","background-attachment":"scroll","background-type":"","background-media":"","overlay-type":"","overlay-color":"","overlay-gradient":""}},"ast-content-background-meta":{"desktop":{"background-color":"var(--ast-global-color-5)","background-image":"","background-repeat":"repeat","background-position":"center center","background-size":"auto","background-attachment":"scroll","background-type":"","background-media":"","overlay-type":"","overlay-color":"","overlay-gradient":""},"tablet":{"background-color":"var(--ast-global-color-5)","background-image":"","background-repeat":"repeat","background-position":"center center","background-size":"auto","background-attachment":"scroll","background-type":"","background-media":"","overlay-type":"","overlay-color":"","overlay-gradient":""},"mobile":{"background-color":"var(--ast-global-color-5)","background-image":"","background-repeat":"repeat","background-position":"center center","background-size":"auto","background-attachment":"scroll","background-type":"","background-media":"","overlay-type":"","overlay-color":"","overlay-gradient":""}},"footnotes":""},"categories":[951,4394,1140,1184,1141,1288],"tags":[253023,1144,8809,6624,111155,253022],"class_list":["post-138478","post","type-post","status-publish","format-standard","hentry","category-barcelona","category-educacion-superior","category-formacion-y-empleo-de-profesores","category-organizacion-y-planificacion-de-la-educacion","category-pedagogia","category-preparacion-de-profesores","tag-adalberto-ferrandez-arepaz","tag-francisco-imbernon-munoz","tag-joan-mateo-andres","tag-joaquin-gairin-sallan","tag-jose-antonio-garcia-suarez","tag-soto-carrasco-m-hilda"],"_links":{"self":[{"href":"https:\/\/www.deberes.net\/tesis\/wp-json\/wp\/v2\/posts\/138478","targetHints":{"allow":["GET"]}}],"collection":[{"href":"https:\/\/www.deberes.net\/tesis\/wp-json\/wp\/v2\/posts"}],"about":[{"href":"https:\/\/www.deberes.net\/tesis\/wp-json\/wp\/v2\/types\/post"}],"author":[{"embeddable":true,"href":"https:\/\/www.deberes.net\/tesis\/wp-json\/wp\/v2\/users\/1"}],"replies":[{"embeddable":true,"href":"https:\/\/www.deberes.net\/tesis\/wp-json\/wp\/v2\/comments?post=138478"}],"version-history":[{"count":0,"href":"https:\/\/www.deberes.net\/tesis\/wp-json\/wp\/v2\/posts\/138478\/revisions"}],"wp:attachment":[{"href":"https:\/\/www.deberes.net\/tesis\/wp-json\/wp\/v2\/media?parent=138478"}],"wp:term":[{"taxonomy":"category","embeddable":true,"href":"https:\/\/www.deberes.net\/tesis\/wp-json\/wp\/v2\/categories?post=138478"},{"taxonomy":"post_tag","embeddable":true,"href":"https:\/\/www.deberes.net\/tesis\/wp-json\/wp\/v2\/tags?post=138478"}],"curies":[{"name":"wp","href":"https:\/\/api.w.org\/{rel}","templated":true}]}}