{"id":13870,"date":"2018-03-09T09:00:19","date_gmt":"2018-03-09T09:00:19","guid":{"rendered":"https:\/\/www.deberes.net\/tesis\/sin-categoria\/juan-bautista-saqueti-arquitecto-mayor-del-rey-y-maestro-mayor-de-la-villa-de-madrid-y-de-sus-fuentes-1736-1764\/"},"modified":"2018-03-09T09:00:19","modified_gmt":"2018-03-09T09:00:19","slug":"juan-bautista-saqueti-arquitecto-mayor-del-rey-y-maestro-mayor-de-la-villa-de-madrid-y-de-sus-fuentes-1736-1764","status":"publish","type":"post","link":"https:\/\/www.deberes.net\/tesis\/historia\/juan-bautista-saqueti-arquitecto-mayor-del-rey-y-maestro-mayor-de-la-villa-de-madrid-y-de-sus-fuentes-1736-1764\/","title":{"rendered":"Juan bautista saqueti, arquitecto mayor del rey y maestro mayor de la villa de Madrid y de sus fuentes (1736-1764)"},"content":{"rendered":"<h2>Tesis doctoral de <strong> Ascensi\u00f3n Gonz\u00e1lez Serrano <\/strong><\/h2>\n<p>La tesis tiene por objeto el estudio de la personalidad y actividad profesional del arquitecto juan bautista saqueti en espa\u00f1a durante los a\u00f1os que vivi\u00f3 aqu\u00ed, esto es, desde 1736 a 1764.  esta investigaci\u00f3n aclara algunos aspectos de su biograf\u00eda personal y pone las bases de la rehabilitaci\u00f3n hist\u00f3rica de saqueti como un personaje cuyo trabajo callado tuvo extraordinaria importancia en el nacimiento y desarrollo posterior del estilo arquitect\u00f3nico que imper\u00f3 en espa\u00f1a en la segunda mitad del siglo xviii. El reconocimiento de su paternidad \u00fanica y absoluta sobre el palacio real de Madrid (no s\u00f3lo como creador del proyecto sino tambi\u00e9n y sobre todo como art\u00edfice de su propia ejecucci\u00f3n, en medio de las enormes dificultades que sobrevinieron, de \u00edndole t\u00e9cnica y pol\u00edtica, durante el largo tiempo que dur\u00f3 la misma) lleva inevitablemente a aceptar su innegable influjo sobre los edificios que psoteriormetne se iban a construir en Madrid y en toda espa\u00f1a. Saqueti no transform\u00f3 ni adapt\u00f3 un proyecto anterior ni fue mero ejecutor de ideas ajenas, sino el aut\u00e9ntico creador del palacio real de Madrid. Este magno edificio, erguido todav\u00eda en el ancho horizonte de un Madrid cobijado bajo su tutela, consigui\u00f3 un lugar preeminente en el hermoso marco de la arquitectura espa\u00f1ola que se extiende desde el barroco tard\u00edo al pleno neoclasicismo.  por lo que se refiere al desarrollo de su funci\u00f3n como maestro mayor de la villa de Madrid, saqueti fue el iniciador de la modernizaci\u00f3n que llegar\u00eda a culiminarse durante el reinado de carlos iii. Aqu\u00ed realiz\u00f3 una importante labor: la constante vigilancia sobre el urbanismo, la alineaci\u00f3n de fachadas, balcones, tiestos y chimeneas, la que regula la altura de las casas, la demolici\u00f3n de los edificios en ruinas, la protecci\u00f3n de los recintos religiosos de maleantes y bandidos, los sitios eriales y hornos de todo tipo que contaminan, las mejoras de las infraestructuras, los caminos<\/p>\n<p>&nbsp;<\/p>\n<h3>Datos acad\u00e9micos de la tesis doctoral \u00ab<strong>Juan bautista saqueti, arquitecto mayor del rey y maestro mayor de la villa de Madrid y de sus fuentes (1736-1764)<\/strong>\u00ab<\/h3>\n<ul>\n<li><strong>T\u00edtulo de la tesis:<\/strong>\u00a0 Juan bautista saqueti, arquitecto mayor del rey y maestro mayor de la villa de Madrid y de sus fuentes (1736-1764) <\/li>\n<li><strong>Autor:<\/strong>\u00a0 Ascensi\u00f3n Gonz\u00e1lez Serrano <\/li>\n<li><strong>Universidad:<\/strong>\u00a0 Complutense de Madrid<\/li>\n<li><strong>Fecha de lectura de la tesis:<\/strong>\u00a0 19\/11\/2001<\/li>\n<\/ul>\n<p>&nbsp;<\/p>\n<h3>Direcci\u00f3n y tribunal<\/h3>\n<ul>\n<li><strong>Director de la tesis<\/strong>\n<ul>\n<li>Virginia Tovar Mart\u00edn<\/li>\n<\/ul>\n<\/li>\n<li><strong>Tribunal<\/strong>\n<ul>\n<li>Presidente del tribunal: Antonio Bonet correa <\/li>\n<li>Antonio Fern\u00e1ndez alba (vocal)<\/li>\n<li>Francisco Jos\u00e9 Portela sandoval (vocal)<\/li>\n<li> Barbeito diez Jos\u00e9 Manuel (vocal)<\/li>\n<\/ul>\n<\/li>\n<\/ul>\n<p>&nbsp;<\/p>\n","protected":false},"excerpt":{"rendered":"<p>Tesis doctoral de Ascensi\u00f3n Gonz\u00e1lez Serrano La tesis tiene por objeto el estudio de la personalidad y actividad profesional del [&hellip;]<\/p>\n","protected":false},"author":1,"featured_media":0,"comment_status":"open","ping_status":"open","sticky":false,"template":"","format":"standard","meta":{"site-sidebar-layout":"default","site-content-layout":"","ast-site-content-layout":"","site-content-style":"default","site-sidebar-style":"default","ast-global-header-display":"","ast-banner-title-visibility":"","ast-main-header-display":"","ast-hfb-above-header-display":"","ast-hfb-below-header-display":"","ast-hfb-mobile-header-display":"","site-post-title":"","ast-breadcrumbs-content":"","ast-featured-img":"","footer-sml-layout":"","theme-transparent-header-meta":"","adv-header-id-meta":"","stick-header-meta":"","header-above-stick-meta":"","header-main-stick-meta":"","header-below-stick-meta":"","astra-migrate-meta-layouts":"default","ast-page-background-enabled":"default","ast-page-background-meta":{"desktop":{"background-color":"var(--ast-global-color-4)","background-image":"","background-repeat":"repeat","background-position":"center center","background-size":"auto","background-attachment":"scroll","background-type":"","background-media":"","overlay-type":"","overlay-color":"","overlay-gradient":""},"tablet":{"background-color":"","background-image":"","background-repeat":"repeat","background-position":"center center","background-size":"auto","background-attachment":"scroll","background-type":"","background-media":"","overlay-type":"","overlay-color":"","overlay-gradient":""},"mobile":{"background-color":"","background-image":"","background-repeat":"repeat","background-position":"center center","background-size":"auto","background-attachment":"scroll","background-type":"","background-media":"","overlay-type":"","overlay-color":"","overlay-gradient":""}},"ast-content-background-meta":{"desktop":{"background-color":"var(--ast-global-color-5)","background-image":"","background-repeat":"repeat","background-position":"center center","background-size":"auto","background-attachment":"scroll","background-type":"","background-media":"","overlay-type":"","overlay-color":"","overlay-gradient":""},"tablet":{"background-color":"var(--ast-global-color-5)","background-image":"","background-repeat":"repeat","background-position":"center center","background-size":"auto","background-attachment":"scroll","background-type":"","background-media":"","overlay-type":"","overlay-color":"","overlay-gradient":""},"mobile":{"background-color":"var(--ast-global-color-5)","background-image":"","background-repeat":"repeat","background-position":"center center","background-size":"auto","background-attachment":"scroll","background-type":"","background-media":"","overlay-type":"","overlay-color":"","overlay-gradient":""}},"footnotes":""},"categories":[954,104,1745,989,220,222],"tags":[7416,11229,44859,44860,5884,4051],"class_list":["post-13870","post","type-post","status-publish","format-standard","hentry","category-biografias","category-historia","category-historia-de-la-arquitectura","category-historia-moderna","category-historia-por-epocas","category-historias-especializadas","tag-antonio-bonet-correa","tag-antonio-fernandez-alba","tag-ascension-gonzalez-serrano","tag-barbeito-diez-jose-manuel","tag-francisco-jose-portela-sandoval","tag-virginia-tovar-martin"],"_links":{"self":[{"href":"https:\/\/www.deberes.net\/tesis\/wp-json\/wp\/v2\/posts\/13870","targetHints":{"allow":["GET"]}}],"collection":[{"href":"https:\/\/www.deberes.net\/tesis\/wp-json\/wp\/v2\/posts"}],"about":[{"href":"https:\/\/www.deberes.net\/tesis\/wp-json\/wp\/v2\/types\/post"}],"author":[{"embeddable":true,"href":"https:\/\/www.deberes.net\/tesis\/wp-json\/wp\/v2\/users\/1"}],"replies":[{"embeddable":true,"href":"https:\/\/www.deberes.net\/tesis\/wp-json\/wp\/v2\/comments?post=13870"}],"version-history":[{"count":0,"href":"https:\/\/www.deberes.net\/tesis\/wp-json\/wp\/v2\/posts\/13870\/revisions"}],"wp:attachment":[{"href":"https:\/\/www.deberes.net\/tesis\/wp-json\/wp\/v2\/media?parent=13870"}],"wp:term":[{"taxonomy":"category","embeddable":true,"href":"https:\/\/www.deberes.net\/tesis\/wp-json\/wp\/v2\/categories?post=13870"},{"taxonomy":"post_tag","embeddable":true,"href":"https:\/\/www.deberes.net\/tesis\/wp-json\/wp\/v2\/tags?post=13870"}],"curies":[{"name":"wp","href":"https:\/\/api.w.org\/{rel}","templated":true}]}}