{"id":138705,"date":"2026-01-12T17:37:52","date_gmt":"2026-01-12T17:37:52","guid":{"rendered":"https:\/\/www.deberes.net\/tesis\/sin-categoria\/relaciones-entre-pajaros-y-frutos-en-espinales-del-noroeste-de-espana\/"},"modified":"2026-01-12T17:37:52","modified_gmt":"2026-01-12T17:37:52","slug":"relaciones-entre-pajaros-y-frutos-en-espinales-del-noroeste-de-espana","status":"publish","type":"post","link":"https:\/\/www.deberes.net\/tesis\/ciencias-de-la-vida\/relaciones-entre-pajaros-y-frutos-en-espinales-del-noroeste-de-espana\/","title":{"rendered":"Relaciones entre pajaros y frutos en espinales del noroeste de espa\u00f1a"},"content":{"rendered":"<h2>Tesis doctoral de <strong> Marcelino Fuentes Lopez <\/strong><\/h2>\n<p>En dos espinales de el bierzo (leon, noroeste de espa\u00f1a) estudie la fenolog\u00eda de fructificacion de las plantas productoras de frutos carnosos, la magnitud de la produccion de frutos por unidad de superficie, los cambios temporales en la abundancia de las aves, la dieta de las aves con especial referencia al consumo de frutos y la importancia relativa de las distintas especies de aves como consumidoras de los frutos de cada especie de planta. Compare los datos de fenolog\u00eda de fructificacion con los de otras zonas de europa para conocer la variacion geografica en la epoca de maduracion de los frutos y su relacion con la abundancia de aves frugivoras migratorias. Utilice los datos de abundancia de frutos y aves y la dieta de estas para conocer la importancia relativa que tienen los rasgos intrinsecos de las especies (morfolog\u00eda y composicion nutritiva de los frutos, anatomia y fisiolog\u00eda de las aves) y las abundancias de las especies en la estructuracion de las interacciones entre ellas.  estudie la variacion espacial (entre habitats y a escala geografica) en las interacciones entre aves y frutos.<\/p>\n<p>&nbsp;<\/p>\n<h3>Datos acad\u00e9micos de la tesis doctoral \u00ab<strong>Relaciones entre pajaros y frutos en espinales del noroeste de espa\u00f1a<\/strong>\u00ab<\/h3>\n<ul>\n<li><strong>T\u00edtulo de la tesis:<\/strong>\u00a0 Relaciones entre pajaros y frutos en espinales del noroeste de espa\u00f1a <\/li>\n<li><strong>Autor:<\/strong>\u00a0 Marcelino Fuentes Lopez <\/li>\n<li><strong>Universidad:<\/strong>\u00a0 Santiago de compostela<\/li>\n<li><strong>Fecha de lectura de la tesis:<\/strong>\u00a0 01\/01\/1992<\/li>\n<\/ul>\n<p>&nbsp;<\/p>\n<h3>Direcci\u00f3n y tribunal<\/h3>\n<ul>\n<li><strong>Director de la tesis<\/strong>\n<ul>\n<li>Jose Guitian Rivera<\/li>\n<\/ul>\n<\/li>\n<li><strong>Tribunal<\/strong>\n<ul>\n<li>Presidente del tribunal: Carlos M Herrera  Maliani <\/li>\n<li>Jos\u00e9 Ram\u00f3n Obeso Su\u00e1rez (vocal)<\/li>\n<li>Pedro Jordano Barbudo (vocal)<\/li>\n<li>Javier Amigo Vazquez (vocal)<\/li>\n<\/ul>\n<\/li>\n<\/ul>\n<p>&nbsp;<\/p>\n","protected":false},"excerpt":{"rendered":"<p>Tesis doctoral de Marcelino Fuentes Lopez En dos espinales de el bierzo (leon, noroeste de espa\u00f1a) estudie la fenolog\u00eda de [&hellip;]<\/p>\n","protected":false},"author":1,"featured_media":0,"comment_status":"open","ping_status":"open","sticky":false,"template":"","format":"standard","meta":{"site-sidebar-layout":"default","site-content-layout":"","ast-site-content-layout":"","site-content-style":"default","site-sidebar-style":"default","ast-global-header-display":"","ast-banner-title-visibility":"","ast-main-header-display":"","ast-hfb-above-header-display":"","ast-hfb-below-header-display":"","ast-hfb-mobile-header-display":"","site-post-title":"","ast-breadcrumbs-content":"","ast-featured-img":"","footer-sml-layout":"","theme-transparent-header-meta":"","adv-header-id-meta":"","stick-header-meta":"","header-above-stick-meta":"","header-main-stick-meta":"","header-below-stick-meta":"","astra-migrate-meta-layouts":"default","ast-page-background-enabled":"default","ast-page-background-meta":{"desktop":{"background-color":"var(--ast-global-color-4)","background-image":"","background-repeat":"repeat","background-position":"center center","background-size":"auto","background-attachment":"scroll","background-type":"","background-media":"","overlay-type":"","overlay-color":"","overlay-gradient":""},"tablet":{"background-color":"","background-image":"","background-repeat":"repeat","background-position":"center center","background-size":"auto","background-attachment":"scroll","background-type":"","background-media":"","overlay-type":"","overlay-color":"","overlay-gradient":""},"mobile":{"background-color":"","background-image":"","background-repeat":"repeat","background-position":"center center","background-size":"auto","background-attachment":"scroll","background-type":"","background-media":"","overlay-type":"","overlay-color":"","overlay-gradient":""}},"ast-content-background-meta":{"desktop":{"background-color":"var(--ast-global-color-5)","background-image":"","background-repeat":"repeat","background-position":"center center","background-size":"auto","background-attachment":"scroll","background-type":"","background-media":"","overlay-type":"","overlay-color":"","overlay-gradient":""},"tablet":{"background-color":"var(--ast-global-color-5)","background-image":"","background-repeat":"repeat","background-position":"center center","background-size":"auto","background-attachment":"scroll","background-type":"","background-media":"","overlay-type":"","overlay-color":"","overlay-gradient":""},"mobile":{"background-color":"var(--ast-global-color-5)","background-image":"","background-repeat":"repeat","background-position":"center center","background-size":"auto","background-attachment":"scroll","background-type":"","background-media":"","overlay-type":"","overlay-color":"","overlay-gradient":""}},"footnotes":""},"categories":[972,35,976,620,977,226],"tags":[172058,57227,2646,54894,70326,2359],"class_list":["post-138705","post","type-post","status-publish","format-standard","hentry","category-botanica","category-ciencias-de-la-vida","category-ecologia-animal","category-ecologia-vegetal","category-santiago-de-compostela","category-zoologia","tag-carlos-m-herrera-maliani","tag-javier-amigo-vazquez","tag-jose-guitian-rivera","tag-jose-ramon-obeso-suarez","tag-marcelino-fuentes-lopez","tag-pedro-jordano-barbudo"],"_links":{"self":[{"href":"https:\/\/www.deberes.net\/tesis\/wp-json\/wp\/v2\/posts\/138705","targetHints":{"allow":["GET"]}}],"collection":[{"href":"https:\/\/www.deberes.net\/tesis\/wp-json\/wp\/v2\/posts"}],"about":[{"href":"https:\/\/www.deberes.net\/tesis\/wp-json\/wp\/v2\/types\/post"}],"author":[{"embeddable":true,"href":"https:\/\/www.deberes.net\/tesis\/wp-json\/wp\/v2\/users\/1"}],"replies":[{"embeddable":true,"href":"https:\/\/www.deberes.net\/tesis\/wp-json\/wp\/v2\/comments?post=138705"}],"version-history":[{"count":0,"href":"https:\/\/www.deberes.net\/tesis\/wp-json\/wp\/v2\/posts\/138705\/revisions"}],"wp:attachment":[{"href":"https:\/\/www.deberes.net\/tesis\/wp-json\/wp\/v2\/media?parent=138705"}],"wp:term":[{"taxonomy":"category","embeddable":true,"href":"https:\/\/www.deberes.net\/tesis\/wp-json\/wp\/v2\/categories?post=138705"},{"taxonomy":"post_tag","embeddable":true,"href":"https:\/\/www.deberes.net\/tesis\/wp-json\/wp\/v2\/tags?post=138705"}],"curies":[{"name":"wp","href":"https:\/\/api.w.org\/{rel}","templated":true}]}}