{"id":138768,"date":"2026-01-12T17:38:19","date_gmt":"2026-01-12T17:38:19","guid":{"rendered":"https:\/\/www.deberes.net\/tesis\/sin-categoria\/accion-politica-en-los-jovenes-gallegos-factores-determinantes\/"},"modified":"2026-01-12T17:38:19","modified_gmt":"2026-01-12T17:38:19","slug":"accion-politica-en-los-jovenes-gallegos-factores-determinantes","status":"publish","type":"post","link":"https:\/\/www.deberes.net\/tesis\/psicologia\/accion-politica-en-los-jovenes-gallegos-factores-determinantes\/","title":{"rendered":"Accion politica en los jovenes gallegos: factores determinantes"},"content":{"rendered":"<h2>Tesis doctoral de <strong> Mauro Rodr\u00edguez Casal <\/strong><\/h2>\n<p>En este trabajo se ha analizado la intencion de participar de los jovenes gallegos en dos formas de protesta politica que suponen diferentes grados de compromiso para las personas que las llevasen a cabo. Las condiciones analizadas nos permitieron establecer diferencias no solo entre sujetos activos y pasivos politicamente, sino tambien entre sujetos que manifiestan diferentes grados o niveles de compromiso politico. Como variables explicativas se utilizaron las motivacionales del modelo de klandermans y otras de corte psicosocial y que configuran la percepcion que los sujetos tienen del ambito politico.  con ello pretendimos, no solo incrementar el poder explicativo de los modelos analizados, sino brindar tambien una nueva imagen de las razones y causas de la protesta politica, en la medida que las explicaciones sobre alienacion, conciencia politica, igualitarismo, etc., Constituyen discursos sociales que no deben verse reducidos a analisis individuales. Alienacion, eficacia externa o actitud hacia el cambio, entre otras, desempe\u00f1an un papel mas relevante a medida que las acciones analizadas resultan personal o politicamente mas comprometidas. Motivo colectivo, interes por la politica y motivo social, se mostraron los determinantes mas potentes para distinguir entre inhibicion y activismo politico.<\/p>\n<p>&nbsp;<\/p>\n<h3>Datos acad\u00e9micos de la tesis doctoral \u00ab<strong>Accion politica en los jovenes gallegos: factores determinantes<\/strong>\u00ab<\/h3>\n<ul>\n<li><strong>T\u00edtulo de la tesis:<\/strong>\u00a0 Accion politica en los jovenes gallegos: factores determinantes <\/li>\n<li><strong>Autor:<\/strong>\u00a0 Mauro Rodr\u00edguez Casal <\/li>\n<li><strong>Universidad:<\/strong>\u00a0 Santiago de compostela<\/li>\n<li><strong>Fecha de lectura de la tesis:<\/strong>\u00a0 01\/01\/1992<\/li>\n<\/ul>\n<p>&nbsp;<\/p>\n<h3>Direcci\u00f3n y tribunal<\/h3>\n<ul>\n<li><strong>Director de la tesis<\/strong>\n<ul>\n<li>Jos\u00e9 Manuel Sabucedo Cameselle<\/li>\n<\/ul>\n<\/li>\n<li><strong>Tribunal<\/strong>\n<ul>\n<li>Presidente del tribunal: Gonzalo Serrano Mart\u00ednez <\/li>\n<li>Francisco Morales Dominguez (vocal)<\/li>\n<li>Julio Seoane Rey (vocal)<\/li>\n<li>\u00e1ngel Rodr\u00edguez Gonz\u00e1lez (vocal)<\/li>\n<\/ul>\n<\/li>\n<\/ul>\n<p>&nbsp;<\/p>\n","protected":false},"excerpt":{"rendered":"<p>Tesis doctoral de Mauro Rodr\u00edguez Casal En este trabajo se ha analizado la intencion de participar de los jovenes gallegos [&hellip;]<\/p>\n","protected":false},"author":1,"featured_media":0,"comment_status":"open","ping_status":"open","sticky":false,"template":"","format":"standard","meta":{"site-sidebar-layout":"default","site-content-layout":"","ast-site-content-layout":"","site-content-style":"default","site-sidebar-style":"default","ast-global-header-display":"","ast-banner-title-visibility":"","ast-main-header-display":"","ast-hfb-above-header-display":"","ast-hfb-below-header-display":"","ast-hfb-mobile-header-display":"","site-post-title":"","ast-breadcrumbs-content":"","ast-featured-img":"","footer-sml-layout":"","theme-transparent-header-meta":"","adv-header-id-meta":"","stick-header-meta":"","header-above-stick-meta":"","header-main-stick-meta":"","header-below-stick-meta":"","astra-migrate-meta-layouts":"default","ast-page-background-enabled":"default","ast-page-background-meta":{"desktop":{"background-color":"var(--ast-global-color-4)","background-image":"","background-repeat":"repeat","background-position":"center center","background-size":"auto","background-attachment":"scroll","background-type":"","background-media":"","overlay-type":"","overlay-color":"","overlay-gradient":""},"tablet":{"background-color":"","background-image":"","background-repeat":"repeat","background-position":"center center","background-size":"auto","background-attachment":"scroll","background-type":"","background-media":"","overlay-type":"","overlay-color":"","overlay-gradient":""},"mobile":{"background-color":"","background-image":"","background-repeat":"repeat","background-position":"center center","background-size":"auto","background-attachment":"scroll","background-type":"","background-media":"","overlay-type":"","overlay-color":"","overlay-gradient":""}},"ast-content-background-meta":{"desktop":{"background-color":"var(--ast-global-color-5)","background-image":"","background-repeat":"repeat","background-position":"center center","background-size":"auto","background-attachment":"scroll","background-type":"","background-media":"","overlay-type":"","overlay-color":"","overlay-gradient":""},"tablet":{"background-color":"var(--ast-global-color-5)","background-image":"","background-repeat":"repeat","background-position":"center center","background-size":"auto","background-attachment":"scroll","background-type":"","background-media":"","overlay-type":"","overlay-color":"","overlay-gradient":""},"mobile":{"background-color":"var(--ast-global-color-5)","background-image":"","background-repeat":"repeat","background-position":"center center","background-size":"auto","background-attachment":"scroll","background-type":"","background-media":"","overlay-type":"","overlay-color":"","overlay-gradient":""}},"footnotes":""},"categories":[943,838,18484,324,996,977,993],"tags":[2632,17384,2631,21328,8731,41151],"class_list":["post-138768","post","type-post","status-publish","format-standard","hentry","category-actitudes-politicas","category-ciencia-politica","category-comportamiento-politico","category-psicologia","category-psicologia-social","category-santiago-de-compostela","category-vida-politica","tag-angel-rodriguez-gonzalez","tag-francisco-morales-dominguez","tag-gonzalo-serrano-Martinez","tag-jose-manuel-sabucedo-cameselle","tag-julio-seoane-rey","tag-mauro-rodriguez-casal"],"_links":{"self":[{"href":"https:\/\/www.deberes.net\/tesis\/wp-json\/wp\/v2\/posts\/138768","targetHints":{"allow":["GET"]}}],"collection":[{"href":"https:\/\/www.deberes.net\/tesis\/wp-json\/wp\/v2\/posts"}],"about":[{"href":"https:\/\/www.deberes.net\/tesis\/wp-json\/wp\/v2\/types\/post"}],"author":[{"embeddable":true,"href":"https:\/\/www.deberes.net\/tesis\/wp-json\/wp\/v2\/users\/1"}],"replies":[{"embeddable":true,"href":"https:\/\/www.deberes.net\/tesis\/wp-json\/wp\/v2\/comments?post=138768"}],"version-history":[{"count":0,"href":"https:\/\/www.deberes.net\/tesis\/wp-json\/wp\/v2\/posts\/138768\/revisions"}],"wp:attachment":[{"href":"https:\/\/www.deberes.net\/tesis\/wp-json\/wp\/v2\/media?parent=138768"}],"wp:term":[{"taxonomy":"category","embeddable":true,"href":"https:\/\/www.deberes.net\/tesis\/wp-json\/wp\/v2\/categories?post=138768"},{"taxonomy":"post_tag","embeddable":true,"href":"https:\/\/www.deberes.net\/tesis\/wp-json\/wp\/v2\/tags?post=138768"}],"curies":[{"name":"wp","href":"https:\/\/api.w.org\/{rel}","templated":true}]}}