{"id":138777,"date":"2026-01-12T17:38:28","date_gmt":"2026-01-12T17:38:28","guid":{"rendered":"https:\/\/www.deberes.net\/tesis\/sin-categoria\/la-identificacion-del-mejillon-de-la-peninsula-iberica-variabilidad-morfologica-y-polimorfismos-alozinicos\/"},"modified":"2026-01-12T17:38:28","modified_gmt":"2026-01-12T17:38:28","slug":"la-identificacion-del-mejillon-de-la-peninsula-iberica-variabilidad-morfologica-y-polimorfismos-alozinicos","status":"publish","type":"post","link":"https:\/\/www.deberes.net\/tesis\/ciencias-de-la-vida\/la-identificacion-del-mejillon-de-la-peninsula-iberica-variabilidad-morfologica-y-polimorfismos-alozinicos\/","title":{"rendered":"La identificacion del mejillon de la peninsula iberica. variabilidad morfologica y polimorfismos alozinicos."},"content":{"rendered":"<h2>Tesis doctoral de <strong> Andr\u00e9s Sanju\u00e1n L\u00f3pez <\/strong><\/h2>\n<p>Mytilus edulis l. Y mytilus galloprovincialis son dos formas de mejillones que viven y se cultivan en las costas de europa. Se considera que la primera se distribuye desde las costas nordicas europeas hasta tan al sur como el norte de africa y la segunda se encuentra en las costas mediterraneas y en algunas areas de las islas britanicas y de francia en donde coexiste e hibrida naturalmente en frecuencia variable con m.Edulis. No obstante, la identidad biologica de los mejillones de las costas atlanticas de la peninsula iberica es incierta (aun cuando el no. Iberico-rias gallegas exhibe la mas alta productividad de mejillones del mundo) y han sido considerados como m.Edulis, m.Galloprovincialis o ambos, dependiendo de los autores.  se tomaron muestras de mejillones de la zona intermareal de las costas atlanticas de la peninsula iberica (57 poblaciones) y del litoral mediterraneo (11) y noroccidental europeo (8) como muestras control de m.Galloprovincialis y m.Edulis respectivamente. Doce caracteres morfologicos diferenciales entre ambos mytilus, m.Galloprovincialis y m.Edulis, incluyendo longitus de la muesca del musculo aductor anterior y la longitud y tama\u00f1o de la charnela, fueron examinados y se analizaron por electroforesis para 5 polimorfismos enzimaticos (aminopeptidasa-1, esterasa-d, leucinaminopeptidasa-1, manosa fosfato isomerasa y octopin deshidrogenasa) 37 muestras. Los datos morfologicos y\/o geneticos se analizaron mediante tecnicas estadisticas multivariables (analisis de agrupamientos -cluster analysis- escalado multidimensional, analisis de componentes principales y analisis discriminante).  los resultados de la variacion morfologica y de los polimorfismos enzimaticos indican que m.Galloprovincialis se encuentra abundantemente a lo largo de las costas de la peninsula iberica: costas mediterranea, lusitanica, gallega y cantabrica. Asi, esta investigacion demuestra que m.Galloprovincialis exhibe una distribucion co<\/p>\n<p>&nbsp;<\/p>\n<h3>Datos acad\u00e9micos de la tesis doctoral \u00ab<strong>La identificacion del mejillon de la peninsula iberica. variabilidad morfologica y polimorfismos alozinicos.<\/strong>\u00ab<\/h3>\n<ul>\n<li><strong>T\u00edtulo de la tesis:<\/strong>\u00a0 La identificacion del mejillon de la peninsula iberica. variabilidad morfologica y polimorfismos alozinicos. <\/li>\n<li><strong>Autor:<\/strong>\u00a0 Andr\u00e9s Sanju\u00e1n L\u00f3pez <\/li>\n<li><strong>Universidad:<\/strong>\u00a0 Santiago de compostela<\/li>\n<li><strong>Fecha de lectura de la tesis:<\/strong>\u00a0 01\/01\/1992<\/li>\n<\/ul>\n<p>&nbsp;<\/p>\n<h3>Direcci\u00f3n y tribunal<\/h3>\n<ul>\n<li><strong>Director de la tesis<\/strong>\n<ul>\n<li>Gonzalo \u00e1lvarez Jurado<\/li>\n<\/ul>\n<\/li>\n<li><strong>Tribunal<\/strong>\n<ul>\n<li>Presidente del tribunal: Carlos Lopez-fanjul  De Arg\u00ed\u00bcelles <\/li>\n<li>Oscar Garc\u00eda Mart\u00edn (vocal)<\/li>\n<li>Jos\u00e9 Carlos Zapata Babio (vocal)<\/li>\n<li> Fuentes Gonzalez J. Manuel (vocal)<\/li>\n<\/ul>\n<\/li>\n<\/ul>\n<p>&nbsp;<\/p>\n","protected":false},"excerpt":{"rendered":"<p>Tesis doctoral de Andr\u00e9s Sanju\u00e1n L\u00f3pez Mytilus edulis l. Y mytilus galloprovincialis son dos formas de mejillones que viven y [&hellip;]<\/p>\n","protected":false},"author":1,"featured_media":0,"comment_status":"open","ping_status":"open","sticky":false,"template":"","format":"standard","meta":{"site-sidebar-layout":"default","site-content-layout":"","ast-site-content-layout":"","site-content-style":"default","site-sidebar-style":"default","ast-global-header-display":"","ast-banner-title-visibility":"","ast-main-header-display":"","ast-hfb-above-header-display":"","ast-hfb-below-header-display":"","ast-hfb-mobile-header-display":"","site-post-title":"","ast-breadcrumbs-content":"","ast-featured-img":"","footer-sml-layout":"","theme-transparent-header-meta":"","adv-header-id-meta":"","stick-header-meta":"","header-above-stick-meta":"","header-main-stick-meta":"","header-below-stick-meta":"","astra-migrate-meta-layouts":"default","ast-page-background-enabled":"default","ast-page-background-meta":{"desktop":{"background-color":"var(--ast-global-color-4)","background-image":"","background-repeat":"repeat","background-position":"center center","background-size":"auto","background-attachment":"scroll","background-type":"","background-media":"","overlay-type":"","overlay-color":"","overlay-gradient":""},"tablet":{"background-color":"","background-image":"","background-repeat":"repeat","background-position":"center center","background-size":"auto","background-attachment":"scroll","background-type":"","background-media":"","overlay-type":"","overlay-color":"","overlay-gradient":""},"mobile":{"background-color":"","background-image":"","background-repeat":"repeat","background-position":"center center","background-size":"auto","background-attachment":"scroll","background-type":"","background-media":"","overlay-type":"","overlay-color":"","overlay-gradient":""}},"ast-content-background-meta":{"desktop":{"background-color":"var(--ast-global-color-5)","background-image":"","background-repeat":"repeat","background-position":"center center","background-size":"auto","background-attachment":"scroll","background-type":"","background-media":"","overlay-type":"","overlay-color":"","overlay-gradient":""},"tablet":{"background-color":"var(--ast-global-color-5)","background-image":"","background-repeat":"repeat","background-position":"center center","background-size":"auto","background-attachment":"scroll","background-type":"","background-media":"","overlay-type":"","overlay-color":"","overlay-gradient":""},"mobile":{"background-color":"var(--ast-global-color-5)","background-image":"","background-repeat":"repeat","background-position":"center center","background-size":"auto","background-attachment":"scroll","background-type":"","background-media":"","overlay-type":"","overlay-color":"","overlay-gradient":""}},"footnotes":""},"categories":[35,367,977,226],"tags":[34777,3202,253298,3329,3201,3330],"class_list":["post-138777","post","type-post","status-publish","format-standard","hentry","category-ciencias-de-la-vida","category-invertebrados","category-santiago-de-compostela","category-zoologia","tag-andres-sanjuan-lopez","tag-carlos-lopez-fanjul-de-argielles","tag-fuentes-gonzalez-j-manuel","tag-gonzalo-alvarez-jurado","tag-jose-carlos-zapata-babio","tag-oscar-garcia-martin"],"_links":{"self":[{"href":"https:\/\/www.deberes.net\/tesis\/wp-json\/wp\/v2\/posts\/138777","targetHints":{"allow":["GET"]}}],"collection":[{"href":"https:\/\/www.deberes.net\/tesis\/wp-json\/wp\/v2\/posts"}],"about":[{"href":"https:\/\/www.deberes.net\/tesis\/wp-json\/wp\/v2\/types\/post"}],"author":[{"embeddable":true,"href":"https:\/\/www.deberes.net\/tesis\/wp-json\/wp\/v2\/users\/1"}],"replies":[{"embeddable":true,"href":"https:\/\/www.deberes.net\/tesis\/wp-json\/wp\/v2\/comments?post=138777"}],"version-history":[{"count":0,"href":"https:\/\/www.deberes.net\/tesis\/wp-json\/wp\/v2\/posts\/138777\/revisions"}],"wp:attachment":[{"href":"https:\/\/www.deberes.net\/tesis\/wp-json\/wp\/v2\/media?parent=138777"}],"wp:term":[{"taxonomy":"category","embeddable":true,"href":"https:\/\/www.deberes.net\/tesis\/wp-json\/wp\/v2\/categories?post=138777"},{"taxonomy":"post_tag","embeddable":true,"href":"https:\/\/www.deberes.net\/tesis\/wp-json\/wp\/v2\/tags?post=138777"}],"curies":[{"name":"wp","href":"https:\/\/api.w.org\/{rel}","templated":true}]}}