{"id":13878,"date":"2018-03-09T09:00:20","date_gmt":"2018-03-09T09:00:20","guid":{"rendered":"https:\/\/www.deberes.net\/tesis\/sin-categoria\/el-conocimiento-de-la-accion-final-en-judo-a-traves-de-los-diferentes-canales-de-comunicacion\/"},"modified":"2018-03-09T09:00:20","modified_gmt":"2018-03-09T09:00:20","slug":"el-conocimiento-de-la-accion-final-en-judo-a-traves-de-los-diferentes-canales-de-comunicacion","status":"publish","type":"post","link":"https:\/\/www.deberes.net\/tesis\/psicologia\/el-conocimiento-de-la-accion-final-en-judo-a-traves-de-los-diferentes-canales-de-comunicacion\/","title":{"rendered":"El conocimiento de la acci\u00f3n final en judo a trav\u00e9s de los diferentes canales de comunicaci\u00f3n"},"content":{"rendered":"<h2>Tesis doctoral de <strong> Fabio Rychecki Hecktheuer <\/strong><\/h2>\n<p>Con este estudio hemos intentado dar un paso a m\u00e1s en una nueva linea de trabajo donde se abordan los procesos cognitivos superiores de conocimientos y toma de conciencia en relaci\u00f3n con una acci\u00f3n motriz de relaci\u00f3n cambiante, abierta, perceptiva, global, continua y de regulaci\u00f3n externa. Con el objetivo de constatat los avances que se pueden producir en cada ni\u00f1o, respecto a la realizaci\u00f3n y autorregulaci\u00f3n de dicha acci\u00f3n. Adem\u00e1s, proponemos cuestiones tan importantes como los procesos cognitivos superiores de conocimiento en los ni\u00f1os, entendidas como los diferentes niveles que pueden construir en la organizaci\u00f3n y reorganizaci\u00f3n de su acci\u00f3n motriz de modo situado y contextualizado, donde los ni\u00f1os son capaces de realizar la acci\u00f3n tomando en consideraci\u00f3n las variables limitadoras impuestas por su entorno (enfoques ecol\u00f3gicos y din\u00e1micos en la explicaci\u00f3n del conocimiento de las acciones).<\/p>\n<p>&nbsp;<\/p>\n<h3>Datos acad\u00e9micos de la tesis doctoral \u00ab<strong>El conocimiento de la acci\u00f3n final en judo a trav\u00e9s de los diferentes canales de comunicaci\u00f3n<\/strong>\u00ab<\/h3>\n<ul>\n<li><strong>T\u00edtulo de la tesis:<\/strong>\u00a0 El conocimiento de la acci\u00f3n final en judo a trav\u00e9s de los diferentes canales de comunicaci\u00f3n <\/li>\n<li><strong>Autor:<\/strong>\u00a0 Fabio Rychecki Hecktheuer <\/li>\n<li><strong>Universidad:<\/strong>\u00a0 Aut\u00f3noma de Madrid<\/li>\n<li><strong>Fecha de lectura de la tesis:<\/strong>\u00a0 19\/11\/2001<\/li>\n<\/ul>\n<p>&nbsp;<\/p>\n<h3>Direcci\u00f3n y tribunal<\/h3>\n<ul>\n<li><strong>Director de la tesis<\/strong>\n<ul>\n<li>Jos\u00e9 Luis Linaza Iglesias<\/li>\n<\/ul>\n<\/li>\n<li><strong>Tribunal<\/strong>\n<ul>\n<li>Presidente del tribunal: pilar Lacasa diaz <\/li>\n<li> Ruiz p\u00e9rez Luis Miguel (vocal)<\/li>\n<li>Jos\u00e9 Lorenzo gonz\u00e1lez (vocal)<\/li>\n<li>roberto Vel\u00e1zquez buend\u00eda (vocal)<\/li>\n<\/ul>\n<\/li>\n<\/ul>\n<p>&nbsp;<\/p>\n","protected":false},"excerpt":{"rendered":"<p>Tesis doctoral de Fabio Rychecki Hecktheuer Con este estudio hemos intentado dar un paso a m\u00e1s en una nueva linea [&hellip;]<\/p>\n","protected":false},"author":1,"featured_media":0,"comment_status":"open","ping_status":"open","sticky":false,"template":"","format":"standard","meta":{"site-sidebar-layout":"default","site-content-layout":"","ast-site-content-layout":"","site-content-style":"default","site-sidebar-style":"default","ast-global-header-display":"","ast-banner-title-visibility":"","ast-main-header-display":"","ast-hfb-above-header-display":"","ast-hfb-below-header-display":"","ast-hfb-mobile-header-display":"","site-post-title":"","ast-breadcrumbs-content":"","ast-featured-img":"","footer-sml-layout":"","theme-transparent-header-meta":"","adv-header-id-meta":"","stick-header-meta":"","header-above-stick-meta":"","header-main-stick-meta":"","header-below-stick-meta":"","astra-migrate-meta-layouts":"default","ast-page-background-enabled":"default","ast-page-background-meta":{"desktop":{"background-color":"var(--ast-global-color-4)","background-image":"","background-repeat":"repeat","background-position":"center center","background-size":"auto","background-attachment":"scroll","background-type":"","background-media":"","overlay-type":"","overlay-color":"","overlay-gradient":""},"tablet":{"background-color":"","background-image":"","background-repeat":"repeat","background-position":"center center","background-size":"auto","background-attachment":"scroll","background-type":"","background-media":"","overlay-type":"","overlay-color":"","overlay-gradient":""},"mobile":{"background-color":"","background-image":"","background-repeat":"repeat","background-position":"center center","background-size":"auto","background-attachment":"scroll","background-type":"","background-media":"","overlay-type":"","overlay-color":"","overlay-gradient":""}},"ast-content-background-meta":{"desktop":{"background-color":"var(--ast-global-color-5)","background-image":"","background-repeat":"repeat","background-position":"center center","background-size":"auto","background-attachment":"scroll","background-type":"","background-media":"","overlay-type":"","overlay-color":"","overlay-gradient":""},"tablet":{"background-color":"var(--ast-global-color-5)","background-image":"","background-repeat":"repeat","background-position":"center center","background-size":"auto","background-attachment":"scroll","background-type":"","background-media":"","overlay-type":"","overlay-color":"","overlay-gradient":""},"mobile":{"background-color":"var(--ast-global-color-5)","background-image":"","background-repeat":"repeat","background-position":"center center","background-size":"auto","background-attachment":"scroll","background-type":"","background-media":"","overlay-type":"","overlay-color":"","overlay-gradient":""}},"footnotes":""},"categories":[44878,4264,9469,7302,324,970,2758,5174],"tags":[44879,44880,30229,25988,19093,18917],"class_list":["post-13878","post","type-post","status-publish","format-standard","hentry","category-afrontamiento-de-problemas-personales","category-asesoramiento-y-orientacion-psicologicas","category-orientacion-vocacional-y-profesional","category-procesos-cognitivos","category-psicologia","category-psicologia-del-nino-y-del-adolescente","category-psicologia-evolutiva","category-psicopedagogia","tag-fabio-rychecki-hecktheuer","tag-jose-lorenzo-gonzalez","tag-jose-luis-linaza-iglesias","tag-pilar-lacasa-diaz","tag-roberto-velazquez-buendia","tag-ruiz-perez-luis-miguel"],"_links":{"self":[{"href":"https:\/\/www.deberes.net\/tesis\/wp-json\/wp\/v2\/posts\/13878","targetHints":{"allow":["GET"]}}],"collection":[{"href":"https:\/\/www.deberes.net\/tesis\/wp-json\/wp\/v2\/posts"}],"about":[{"href":"https:\/\/www.deberes.net\/tesis\/wp-json\/wp\/v2\/types\/post"}],"author":[{"embeddable":true,"href":"https:\/\/www.deberes.net\/tesis\/wp-json\/wp\/v2\/users\/1"}],"replies":[{"embeddable":true,"href":"https:\/\/www.deberes.net\/tesis\/wp-json\/wp\/v2\/comments?post=13878"}],"version-history":[{"count":0,"href":"https:\/\/www.deberes.net\/tesis\/wp-json\/wp\/v2\/posts\/13878\/revisions"}],"wp:attachment":[{"href":"https:\/\/www.deberes.net\/tesis\/wp-json\/wp\/v2\/media?parent=13878"}],"wp:term":[{"taxonomy":"category","embeddable":true,"href":"https:\/\/www.deberes.net\/tesis\/wp-json\/wp\/v2\/categories?post=13878"},{"taxonomy":"post_tag","embeddable":true,"href":"https:\/\/www.deberes.net\/tesis\/wp-json\/wp\/v2\/tags?post=13878"}],"curies":[{"name":"wp","href":"https:\/\/api.w.org\/{rel}","templated":true}]}}