{"id":138801,"date":"2026-01-12T17:38:37","date_gmt":"2026-01-12T17:38:37","guid":{"rendered":"https:\/\/www.deberes.net\/tesis\/sin-categoria\/ciencia-y-politica-la-significacion-historica-de-emilio-herrera-1879-1967\/"},"modified":"2026-01-12T17:38:37","modified_gmt":"2026-01-12T17:38:37","slug":"ciencia-y-politica-la-significacion-historica-de-emilio-herrera-1879-1967","status":"publish","type":"post","link":"https:\/\/www.deberes.net\/tesis\/historia\/ciencia-y-politica-la-significacion-historica-de-emilio-herrera-1879-1967\/","title":{"rendered":"Ciencia y politica. la significacion historica de emilio herrera (1879-1967)"},"content":{"rendered":"<h2>Tesis doctoral de <strong> Emilio Atienza Rivero <\/strong><\/h2>\n<p>Se trata de la biografia del general emilio herrera, pionero y uno de los creadores de la aeronautica espa\u00f1ola. Ademas herrera se convirtio en importante hombre politico tras la guerra civil, llegando a ser todo un simbolo del exilio espa\u00f1ol, al ocupar la presidencia de la republica. Desde paris tuvo contactos con las personalidades mundiales, en un doble condicion de cientifico y politico.<\/p>\n<p>&nbsp;<\/p>\n<h3>Datos acad\u00e9micos de la tesis doctoral \u00ab<strong>Ciencia y politica. la significacion historica de emilio herrera (1879-1967)<\/strong>\u00ab<\/h3>\n<ul>\n<li><strong>T\u00edtulo de la tesis:<\/strong>\u00a0 Ciencia y politica. la significacion historica de emilio herrera (1879-1967) <\/li>\n<li><strong>Autor:<\/strong>\u00a0 Emilio Atienza Rivero <\/li>\n<li><strong>Universidad:<\/strong>\u00a0 Granada<\/li>\n<li><strong>Fecha de lectura de la tesis:<\/strong>\u00a0 01\/01\/1992<\/li>\n<\/ul>\n<p>&nbsp;<\/p>\n<h3>Direcci\u00f3n y tribunal<\/h3>\n<ul>\n<li><strong>Director de la tesis<\/strong>\n<ul>\n<li>Cristina Vi\u00f1es Millet<\/li>\n<\/ul>\n<\/li>\n<li><strong>Tribunal<\/strong>\n<ul>\n<li>Presidente del tribunal: Jose Cepeda Adan <\/li>\n<li>Alfonso Braojos Garrido (vocal)<\/li>\n<li>Crist\u00f3bal Garc\u00eda Montoro (vocal)<\/li>\n<li>Ram\u00f3n Rom\u00e1n Rold\u00e1n (vocal)<\/li>\n<\/ul>\n<\/li>\n<\/ul>\n<p>&nbsp;<\/p>\n","protected":false},"excerpt":{"rendered":"<p>Tesis doctoral de Emilio Atienza Rivero Se trata de la biografia del general emilio herrera, pionero y uno de los [&hellip;]<\/p>\n","protected":false},"author":1,"featured_media":0,"comment_status":"open","ping_status":"open","sticky":false,"template":"","format":"standard","meta":{"site-sidebar-layout":"default","site-content-layout":"","ast-site-content-layout":"","site-content-style":"default","site-sidebar-style":"default","ast-global-header-display":"","ast-banner-title-visibility":"","ast-main-header-display":"","ast-hfb-above-header-display":"","ast-hfb-below-header-display":"","ast-hfb-mobile-header-display":"","site-post-title":"","ast-breadcrumbs-content":"","ast-featured-img":"","footer-sml-layout":"","theme-transparent-header-meta":"","adv-header-id-meta":"","stick-header-meta":"","header-above-stick-meta":"","header-main-stick-meta":"","header-below-stick-meta":"","astra-migrate-meta-layouts":"default","ast-page-background-enabled":"default","ast-page-background-meta":{"desktop":{"background-color":"var(--ast-global-color-4)","background-image":"","background-repeat":"repeat","background-position":"center center","background-size":"auto","background-attachment":"scroll","background-type":"","background-media":"","overlay-type":"","overlay-color":"","overlay-gradient":""},"tablet":{"background-color":"","background-image":"","background-repeat":"repeat","background-position":"center center","background-size":"auto","background-attachment":"scroll","background-type":"","background-media":"","overlay-type":"","overlay-color":"","overlay-gradient":""},"mobile":{"background-color":"","background-image":"","background-repeat":"repeat","background-position":"center center","background-size":"auto","background-attachment":"scroll","background-type":"","background-media":"","overlay-type":"","overlay-color":"","overlay-gradient":""}},"ast-content-background-meta":{"desktop":{"background-color":"var(--ast-global-color-5)","background-image":"","background-repeat":"repeat","background-position":"center center","background-size":"auto","background-attachment":"scroll","background-type":"","background-media":"","overlay-type":"","overlay-color":"","overlay-gradient":""},"tablet":{"background-color":"var(--ast-global-color-5)","background-image":"","background-repeat":"repeat","background-position":"center center","background-size":"auto","background-attachment":"scroll","background-type":"","background-media":"","overlay-type":"","overlay-color":"","overlay-gradient":""},"mobile":{"background-color":"var(--ast-global-color-5)","background-image":"","background-repeat":"repeat","background-position":"center center","background-size":"auto","background-attachment":"scroll","background-type":"","background-media":"","overlay-type":"","overlay-color":"","overlay-gradient":""}},"footnotes":""},"categories":[954,104],"tags":[94709,3729,8128,253322,24184,22178],"class_list":["post-138801","post","type-post","status-publish","format-standard","hentry","category-biografias","category-historia","tag-alfonso-braojos-garrido","tag-cristina-vines-millet","tag-cristobal-garcia-montoro","tag-emilio-atienza-rivero","tag-jose-cepeda-adan","tag-ramon-roman-roldan"],"_links":{"self":[{"href":"https:\/\/www.deberes.net\/tesis\/wp-json\/wp\/v2\/posts\/138801","targetHints":{"allow":["GET"]}}],"collection":[{"href":"https:\/\/www.deberes.net\/tesis\/wp-json\/wp\/v2\/posts"}],"about":[{"href":"https:\/\/www.deberes.net\/tesis\/wp-json\/wp\/v2\/types\/post"}],"author":[{"embeddable":true,"href":"https:\/\/www.deberes.net\/tesis\/wp-json\/wp\/v2\/users\/1"}],"replies":[{"embeddable":true,"href":"https:\/\/www.deberes.net\/tesis\/wp-json\/wp\/v2\/comments?post=138801"}],"version-history":[{"count":0,"href":"https:\/\/www.deberes.net\/tesis\/wp-json\/wp\/v2\/posts\/138801\/revisions"}],"wp:attachment":[{"href":"https:\/\/www.deberes.net\/tesis\/wp-json\/wp\/v2\/media?parent=138801"}],"wp:term":[{"taxonomy":"category","embeddable":true,"href":"https:\/\/www.deberes.net\/tesis\/wp-json\/wp\/v2\/categories?post=138801"},{"taxonomy":"post_tag","embeddable":true,"href":"https:\/\/www.deberes.net\/tesis\/wp-json\/wp\/v2\/tags?post=138801"}],"curies":[{"name":"wp","href":"https:\/\/api.w.org\/{rel}","templated":true}]}}