{"id":138840,"date":"2026-01-12T17:38:58","date_gmt":"2026-01-12T17:38:58","guid":{"rendered":"https:\/\/www.deberes.net\/tesis\/sin-categoria\/fisiologia-del-desarrollo-crecimiento-y-productividad-de-cebadas-de-invierno-y-de-primavera-en-ambiente-mediterraneo\/"},"modified":"2026-01-12T17:38:58","modified_gmt":"2026-01-12T17:38:58","slug":"fisiologia-del-desarrollo-crecimiento-y-productividad-de-cebadas-de-invierno-y-de-primavera-en-ambiente-mediterraneo","status":"publish","type":"post","link":"https:\/\/www.deberes.net\/tesis\/ciencias-de-la-vida\/fisiologia-del-desarrollo-crecimiento-y-productividad-de-cebadas-de-invierno-y-de-primavera-en-ambiente-mediterraneo\/","title":{"rendered":"Fisiolog\u00eda del desarrollo, crecimiento y productividad de cebadas de invierno y de primavera en ambiente mediterraneo."},"content":{"rendered":"<h2>Tesis doctoral de <strong>  Garc\u00eda Del Moral Garrido Mar\u00eda Bel\u00e9n <\/strong><\/h2>\n<p>Esta memoria ha estado dirigida al estudio comparativo del crecimiento, desarrollo y productividad en cebadas de invierno, tanto de dos como de seis carreras, en relacion con cebadas de primavera, en un intento de facilitar las bases fisiologicas que contribuyen a su mejora genetica.  se han realizado cinco ensayos en dos ambientes de la provincia de granada muy diferentes en cuanto a su climatolog\u00eda para: establecer las causas de las diferencias de productividad entre los distintos tipos de cebadas; caracterizar su crecimiento y desarrollo; estudiar el desarrollo del meristemo apical en los dos ambientes; y averiguar el comportamiento de las variedades de invierno cuando se acorta su ciclo sembrandolas como de primavera, y el de las de primavera cuando se alarga su ciclo mediante siembra oto\u00f1al.<\/p>\n<p>&nbsp;<\/p>\n<h3>Datos acad\u00e9micos de la tesis doctoral \u00ab<strong>Fisiolog\u00eda del desarrollo, crecimiento y productividad de cebadas de invierno y de primavera en ambiente mediterraneo.<\/strong>\u00ab<\/h3>\n<ul>\n<li><strong>T\u00edtulo de la tesis:<\/strong>\u00a0 Fisiolog\u00eda del desarrollo, crecimiento y productividad de cebadas de invierno y de primavera en ambiente mediterraneo. <\/li>\n<li><strong>Autor:<\/strong>\u00a0  Garc\u00eda Del Moral Garrido Mar\u00eda Bel\u00e9n <\/li>\n<li><strong>Universidad:<\/strong>\u00a0 Granada<\/li>\n<li><strong>Fecha de lectura de la tesis:<\/strong>\u00a0 01\/01\/1992<\/li>\n<\/ul>\n<p>&nbsp;<\/p>\n<h3>Direcci\u00f3n y tribunal<\/h3>\n<ul>\n<li><strong>Director de la tesis<\/strong>\n<ul>\n<li>Luis Fernando Garcia Del Moral Garrido<\/li>\n<\/ul>\n<\/li>\n<li><strong>Tribunal<\/strong>\n<ul>\n<li>Presidente del tribunal: \u00e1ngel Jes\u00fas Matilla Carro <\/li>\n<li>Jos\u00e9 Luis Araus Ortega (vocal)<\/li>\n<li>Jos\u00e9 Luis Molina Cano (vocal)<\/li>\n<li>Luis Miguel Mart\u00edn Mart\u00edn (vocal)<\/li>\n<\/ul>\n<\/li>\n<\/ul>\n<p>&nbsp;<\/p>\n","protected":false},"excerpt":{"rendered":"<p>Tesis doctoral de Garc\u00eda Del Moral Garrido Mar\u00eda Bel\u00e9n Esta memoria ha estado dirigida al estudio comparativo del crecimiento, desarrollo [&hellip;]<\/p>\n","protected":false},"author":1,"featured_media":0,"comment_status":"open","ping_status":"open","sticky":false,"template":"","format":"standard","meta":{"site-sidebar-layout":"default","site-content-layout":"","ast-site-content-layout":"","site-content-style":"default","site-sidebar-style":"default","ast-global-header-display":"","ast-banner-title-visibility":"","ast-main-header-display":"","ast-hfb-above-header-display":"","ast-hfb-below-header-display":"","ast-hfb-mobile-header-display":"","site-post-title":"","ast-breadcrumbs-content":"","ast-featured-img":"","footer-sml-layout":"","theme-transparent-header-meta":"","adv-header-id-meta":"","stick-header-meta":"","header-above-stick-meta":"","header-main-stick-meta":"","header-below-stick-meta":"","astra-migrate-meta-layouts":"default","ast-page-background-enabled":"default","ast-page-background-meta":{"desktop":{"background-color":"var(--ast-global-color-4)","background-image":"","background-repeat":"repeat","background-position":"center center","background-size":"auto","background-attachment":"scroll","background-type":"","background-media":"","overlay-type":"","overlay-color":"","overlay-gradient":""},"tablet":{"background-color":"","background-image":"","background-repeat":"repeat","background-position":"center center","background-size":"auto","background-attachment":"scroll","background-type":"","background-media":"","overlay-type":"","overlay-color":"","overlay-gradient":""},"mobile":{"background-color":"","background-image":"","background-repeat":"repeat","background-position":"center center","background-size":"auto","background-attachment":"scroll","background-type":"","background-media":"","overlay-type":"","overlay-color":"","overlay-gradient":""}},"ast-content-background-meta":{"desktop":{"background-color":"var(--ast-global-color-5)","background-image":"","background-repeat":"repeat","background-position":"center center","background-size":"auto","background-attachment":"scroll","background-type":"","background-media":"","overlay-type":"","overlay-color":"","overlay-gradient":""},"tablet":{"background-color":"var(--ast-global-color-5)","background-image":"","background-repeat":"repeat","background-position":"center center","background-size":"auto","background-attachment":"scroll","background-type":"","background-media":"","overlay-type":"","overlay-color":"","overlay-gradient":""},"mobile":{"background-color":"var(--ast-global-color-5)","background-image":"","background-repeat":"repeat","background-position":"center center","background-size":"auto","background-attachment":"scroll","background-type":"","background-media":"","overlay-type":"","overlay-color":"","overlay-gradient":""}},"footnotes":""},"categories":[509,972,494,35,13894,502],"tags":[3427,21780,9774,32808,21777,545],"class_list":["post-138840","post","type-post","status-publish","format-standard","hentry","category-agronomia","category-botanica","category-ciencias-agrarias","category-ciencias-de-la-vida","category-desarrollo-vegetal","category-produccion-de-cultivos","tag-angel-jesus-matilla-carro","tag-garcia-del-moral-garrido-maria-belen","tag-jose-luis-araus-ortega","tag-jose-luis-molina-cano","tag-luis-fernando-garcia-del-moral-garrido","tag-luis-miguel-martin-martin"],"_links":{"self":[{"href":"https:\/\/www.deberes.net\/tesis\/wp-json\/wp\/v2\/posts\/138840","targetHints":{"allow":["GET"]}}],"collection":[{"href":"https:\/\/www.deberes.net\/tesis\/wp-json\/wp\/v2\/posts"}],"about":[{"href":"https:\/\/www.deberes.net\/tesis\/wp-json\/wp\/v2\/types\/post"}],"author":[{"embeddable":true,"href":"https:\/\/www.deberes.net\/tesis\/wp-json\/wp\/v2\/users\/1"}],"replies":[{"embeddable":true,"href":"https:\/\/www.deberes.net\/tesis\/wp-json\/wp\/v2\/comments?post=138840"}],"version-history":[{"count":0,"href":"https:\/\/www.deberes.net\/tesis\/wp-json\/wp\/v2\/posts\/138840\/revisions"}],"wp:attachment":[{"href":"https:\/\/www.deberes.net\/tesis\/wp-json\/wp\/v2\/media?parent=138840"}],"wp:term":[{"taxonomy":"category","embeddable":true,"href":"https:\/\/www.deberes.net\/tesis\/wp-json\/wp\/v2\/categories?post=138840"},{"taxonomy":"post_tag","embeddable":true,"href":"https:\/\/www.deberes.net\/tesis\/wp-json\/wp\/v2\/tags?post=138840"}],"curies":[{"name":"wp","href":"https:\/\/api.w.org\/{rel}","templated":true}]}}