{"id":138956,"date":"2026-01-12T17:39:54","date_gmt":"2026-01-12T17:39:54","guid":{"rendered":"https:\/\/www.deberes.net\/tesis\/sin-categoria\/las-construcciones-adversativas-aspectos-sintacticos-y-semantico-pragmaticos\/"},"modified":"2026-01-12T17:39:54","modified_gmt":"2026-01-12T17:39:54","slug":"las-construcciones-adversativas-aspectos-sintacticos-y-semantico-pragmaticos","status":"publish","type":"post","link":"https:\/\/www.deberes.net\/tesis\/linguistica\/las-construcciones-adversativas-aspectos-sintacticos-y-semantico-pragmaticos\/","title":{"rendered":"Las construcciones adversativas: aspectos sintacticos y semantico-pragmaticos."},"content":{"rendered":"<h2>Tesis doctoral de <strong>  Lanero Rodriguez M. Carmen <\/strong><\/h2>\n<p>En este trabajo se ofrece una vision general del tratamiento que en la gramatica espa\u00f1ola han recibido las construcciones adversativas marcadas por pero y consideradas restrictivas de acuerdo con una clasificacion semantica tradicionalmente establecida. Han sido objeto prioritario de analisis los problemas sintacticos suscitados en torno a su caracterizacion como estructuras coordinadas o no coordinadas, aspecto en el que inciden todas las investigaciones recientes sobre el tema. La tesis se ha dividido en dos partes. La primera constituye una revision historica con la que se pretende precisar en que momento y con que criterios nuestros gramaticos adscribieron la relacion adversativa al ambito de la parataxis. En la segunda se aborda el comentario y discusion de las propuestas que rompen con dicho planteamiento una vez reformulado el esquema de unidades y relaciones con que venia operando la sintaxis tradicional. El examen de estas nuevas perspectivas sintacticas nos ha conducido necesariamente a considerar tambien las particularidades que presenta pero como conector pragmatico con funcion argumentativa.<\/p>\n<p>&nbsp;<\/p>\n<h3>Datos acad\u00e9micos de la tesis doctoral \u00ab<strong>Las construcciones adversativas: aspectos sintacticos y semantico-pragmaticos.<\/strong>\u00ab<\/h3>\n<ul>\n<li><strong>T\u00edtulo de la tesis:<\/strong>\u00a0 Las construcciones adversativas: aspectos sintacticos y semantico-pragmaticos. <\/li>\n<li><strong>Autor:<\/strong>\u00a0  Lanero Rodriguez M. Carmen <\/li>\n<li><strong>Universidad:<\/strong>\u00a0 Le\u00f3n<\/li>\n<li><strong>Fecha de lectura de la tesis:<\/strong>\u00a0 01\/01\/1992<\/li>\n<\/ul>\n<p>&nbsp;<\/p>\n<h3>Direcci\u00f3n y tribunal<\/h3>\n<ul>\n<li><strong>Director de la tesis<\/strong>\n<ul>\n<li>Salvador Guti\u00e9rrez Ord\u00f3\u00f1ez<\/li>\n<\/ul>\n<\/li>\n<li><strong>Tribunal<\/strong>\n<ul>\n<li>Presidente del tribunal: Guillermo Rojo S\u00e1nchez <\/li>\n<li> Val \u00c1lvaro Jos\u00e9 Francisco (vocal)<\/li>\n<li>Bonifacio Rodr\u00edguez D\u00edez (vocal)<\/li>\n<li>Francisco Hernandez Paricio (vocal)<\/li>\n<\/ul>\n<\/li>\n<\/ul>\n<p>&nbsp;<\/p>\n","protected":false},"excerpt":{"rendered":"<p>Tesis doctoral de Lanero Rodriguez M. Carmen En este trabajo se ofrece una vision general del tratamiento que en la [&hellip;]<\/p>\n","protected":false},"author":1,"featured_media":0,"comment_status":"open","ping_status":"open","sticky":false,"template":"","format":"standard","meta":{"site-sidebar-layout":"default","site-content-layout":"","ast-site-content-layout":"","site-content-style":"default","site-sidebar-style":"default","ast-global-header-display":"","ast-banner-title-visibility":"","ast-main-header-display":"","ast-hfb-above-header-display":"","ast-hfb-below-header-display":"","ast-hfb-mobile-header-display":"","site-post-title":"","ast-breadcrumbs-content":"","ast-featured-img":"","footer-sml-layout":"","theme-transparent-header-meta":"","adv-header-id-meta":"","stick-header-meta":"","header-above-stick-meta":"","header-main-stick-meta":"","header-below-stick-meta":"","astra-migrate-meta-layouts":"default","ast-page-background-enabled":"default","ast-page-background-meta":{"desktop":{"background-color":"var(--ast-global-color-4)","background-image":"","background-repeat":"repeat","background-position":"center center","background-size":"auto","background-attachment":"scroll","background-type":"","background-media":"","overlay-type":"","overlay-color":"","overlay-gradient":""},"tablet":{"background-color":"","background-image":"","background-repeat":"repeat","background-position":"center center","background-size":"auto","background-attachment":"scroll","background-type":"","background-media":"","overlay-type":"","overlay-color":"","overlay-gradient":""},"mobile":{"background-color":"","background-image":"","background-repeat":"repeat","background-position":"center center","background-size":"auto","background-attachment":"scroll","background-type":"","background-media":"","overlay-type":"","overlay-color":"","overlay-gradient":""}},"ast-content-background-meta":{"desktop":{"background-color":"var(--ast-global-color-5)","background-image":"","background-repeat":"repeat","background-position":"center center","background-size":"auto","background-attachment":"scroll","background-type":"","background-media":"","overlay-type":"","overlay-color":"","overlay-gradient":""},"tablet":{"background-color":"var(--ast-global-color-5)","background-image":"","background-repeat":"repeat","background-position":"center center","background-size":"auto","background-attachment":"scroll","background-type":"","background-media":"","overlay-type":"","overlay-color":"","overlay-gradient":""},"mobile":{"background-color":"var(--ast-global-color-5)","background-image":"","background-repeat":"repeat","background-position":"center center","background-size":"auto","background-attachment":"scroll","background-type":"","background-media":"","overlay-type":"","overlay-color":"","overlay-gradient":""}},"footnotes":""},"categories":[4430,59,62,886,409],"tags":[21060,179284,632,253444,3018,29002],"class_list":["post-138956","post","type-post","status-publish","format-standard","hentry","category-leon","category-linguistica","category-linguistica-sincronica","category-semantica","category-sintaxis-y-analisis-sintactico","tag-bonifacio-rodriguez-diez","tag-francisco-hernandez-paricio","tag-guillermo-rojo-sanchez","tag-lanero-rodriguez-m-carmen","tag-salvador-gutierrez-ordonez","tag-val-alvaro-jose-francisco"],"_links":{"self":[{"href":"https:\/\/www.deberes.net\/tesis\/wp-json\/wp\/v2\/posts\/138956","targetHints":{"allow":["GET"]}}],"collection":[{"href":"https:\/\/www.deberes.net\/tesis\/wp-json\/wp\/v2\/posts"}],"about":[{"href":"https:\/\/www.deberes.net\/tesis\/wp-json\/wp\/v2\/types\/post"}],"author":[{"embeddable":true,"href":"https:\/\/www.deberes.net\/tesis\/wp-json\/wp\/v2\/users\/1"}],"replies":[{"embeddable":true,"href":"https:\/\/www.deberes.net\/tesis\/wp-json\/wp\/v2\/comments?post=138956"}],"version-history":[{"count":0,"href":"https:\/\/www.deberes.net\/tesis\/wp-json\/wp\/v2\/posts\/138956\/revisions"}],"wp:attachment":[{"href":"https:\/\/www.deberes.net\/tesis\/wp-json\/wp\/v2\/media?parent=138956"}],"wp:term":[{"taxonomy":"category","embeddable":true,"href":"https:\/\/www.deberes.net\/tesis\/wp-json\/wp\/v2\/categories?post=138956"},{"taxonomy":"post_tag","embeddable":true,"href":"https:\/\/www.deberes.net\/tesis\/wp-json\/wp\/v2\/tags?post=138956"}],"curies":[{"name":"wp","href":"https:\/\/api.w.org\/{rel}","templated":true}]}}