{"id":139172,"date":"2026-01-12T17:42:24","date_gmt":"2026-01-12T17:42:24","guid":{"rendered":"https:\/\/www.deberes.net\/tesis\/sin-categoria\/identificacion-de-neurotransmisores-durante-el-desarrollo-del-receptor-acustico\/"},"modified":"2026-01-12T17:42:24","modified_gmt":"2026-01-12T17:42:24","slug":"identificacion-de-neurotransmisores-durante-el-desarrollo-del-receptor-acustico","status":"publish","type":"post","link":"https:\/\/www.deberes.net\/tesis\/ciencias-de-la-vida\/identificacion-de-neurotransmisores-durante-el-desarrollo-del-receptor-acustico\/","title":{"rendered":"Identificacion de neurotransmisores durante el desarrollo del receptor acustico"},"content":{"rendered":"<h2>Tesis doctoral de <strong> \u00e1ngel Merch\u00e1n P\u00e9rez <\/strong><\/h2>\n<p>Se describe el desarrollo de la inervacion eferente olivococlear desde el punto de vista neuroquimico. Se han empleado metodos inmunocitoquimicos para la identificacion de neurotransmisores durante el desarrollo del receptor auditivo en la rata y en el cobaya.  los resultados indican que el gaba, la acetilcolina, las encefalinas y el cgrp aparecen muy pronto durante el desarrollo auditivo, puesto que se hallan presentes antes del inicio de la audicion.  se propone la hipotesis de que todos estos neurotransmisores pudieran ejercer efectos troficos, positivos o negativos, durante el desarrollo del organo de corti y su inervacion.<\/p>\n<p>&nbsp;<\/p>\n<h3>Datos acad\u00e9micos de la tesis doctoral \u00ab<strong>Identificacion de neurotransmisores durante el desarrollo del receptor acustico<\/strong>\u00ab<\/h3>\n<ul>\n<li><strong>T\u00edtulo de la tesis:<\/strong>\u00a0 Identificacion de neurotransmisores durante el desarrollo del receptor acustico <\/li>\n<li><strong>Autor:<\/strong>\u00a0 \u00e1ngel Merch\u00e1n P\u00e9rez <\/li>\n<li><strong>Universidad:<\/strong>\u00a0 Complutense de Madrid<\/li>\n<li><strong>Fecha de lectura de la tesis:<\/strong>\u00a0 01\/01\/1992<\/li>\n<\/ul>\n<p>&nbsp;<\/p>\n<h3>Direcci\u00f3n y tribunal<\/h3>\n<ul>\n<li><strong>Director de la tesis<\/strong>\n<ul>\n<li>Pablo Gil Loyzaga<\/li>\n<\/ul>\n<\/li>\n<li><strong>Tribunal<\/strong>\n<ul>\n<li>Presidente del tribunal: Juan  Luis Tamargo Men\u00e9ndez <\/li>\n<li>Alfonso Fairen Carrion (vocal)<\/li>\n<li> Puertas Fonolla A. Javier (vocal)<\/li>\n<li>Miguel Angel Merchan Cifuentes (vocal)<\/li>\n<\/ul>\n<\/li>\n<\/ul>\n<p>&nbsp;<\/p>\n","protected":false},"excerpt":{"rendered":"<p>Tesis doctoral de \u00e1ngel Merch\u00e1n P\u00e9rez Se describe el desarrollo de la inervacion eferente olivococlear desde el punto de vista [&hellip;]<\/p>\n","protected":false},"author":1,"featured_media":0,"comment_status":"open","ping_status":"open","sticky":false,"template":"","format":"standard","meta":{"site-sidebar-layout":"default","site-content-layout":"","ast-site-content-layout":"","site-content-style":"default","site-sidebar-style":"default","ast-global-header-display":"","ast-banner-title-visibility":"","ast-main-header-display":"","ast-hfb-above-header-display":"","ast-hfb-below-header-display":"","ast-hfb-mobile-header-display":"","site-post-title":"","ast-breadcrumbs-content":"","ast-featured-img":"","footer-sml-layout":"","theme-transparent-header-meta":"","adv-header-id-meta":"","stick-header-meta":"","header-above-stick-meta":"","header-main-stick-meta":"","header-below-stick-meta":"","astra-migrate-meta-layouts":"default","ast-page-background-enabled":"default","ast-page-background-meta":{"desktop":{"background-color":"var(--ast-global-color-4)","background-image":"","background-repeat":"repeat","background-position":"center center","background-size":"auto","background-attachment":"scroll","background-type":"","background-media":"","overlay-type":"","overlay-color":"","overlay-gradient":""},"tablet":{"background-color":"","background-image":"","background-repeat":"repeat","background-position":"center center","background-size":"auto","background-attachment":"scroll","background-type":"","background-media":"","overlay-type":"","overlay-color":"","overlay-gradient":""},"mobile":{"background-color":"","background-image":"","background-repeat":"repeat","background-position":"center center","background-size":"auto","background-attachment":"scroll","background-type":"","background-media":"","overlay-type":"","overlay-color":"","overlay-gradient":""}},"ast-content-background-meta":{"desktop":{"background-color":"var(--ast-global-color-5)","background-image":"","background-repeat":"repeat","background-position":"center center","background-size":"auto","background-attachment":"scroll","background-type":"","background-media":"","overlay-type":"","overlay-color":"","overlay-gradient":""},"tablet":{"background-color":"var(--ast-global-color-5)","background-image":"","background-repeat":"repeat","background-position":"center center","background-size":"auto","background-attachment":"scroll","background-type":"","background-media":"","overlay-type":"","overlay-color":"","overlay-gradient":""},"mobile":{"background-color":"var(--ast-global-color-5)","background-image":"","background-repeat":"repeat","background-position":"center center","background-size":"auto","background-attachment":"scroll","background-type":"","background-media":"","overlay-type":"","overlay-color":"","overlay-gradient":""}},"footnotes":""},"categories":[212,35,986,8868],"tags":[14563,73765,4665,9729,6734,4985],"class_list":["post-139172","post","type-post","status-publish","format-standard","hentry","category-biologia-humana","category-ciencias-de-la-vida","category-complutense-de-madrid","category-neuroanatomia-humana","tag-alfonso-fairen-carrion","tag-angel-merchan-perez","tag-juan-luis-tamargo-menendez","tag-miguel-angel-merchan-cifuentes","tag-pablo-gil-loyzaga","tag-puertas-fonolla-a-javier"],"_links":{"self":[{"href":"https:\/\/www.deberes.net\/tesis\/wp-json\/wp\/v2\/posts\/139172","targetHints":{"allow":["GET"]}}],"collection":[{"href":"https:\/\/www.deberes.net\/tesis\/wp-json\/wp\/v2\/posts"}],"about":[{"href":"https:\/\/www.deberes.net\/tesis\/wp-json\/wp\/v2\/types\/post"}],"author":[{"embeddable":true,"href":"https:\/\/www.deberes.net\/tesis\/wp-json\/wp\/v2\/users\/1"}],"replies":[{"embeddable":true,"href":"https:\/\/www.deberes.net\/tesis\/wp-json\/wp\/v2\/comments?post=139172"}],"version-history":[{"count":0,"href":"https:\/\/www.deberes.net\/tesis\/wp-json\/wp\/v2\/posts\/139172\/revisions"}],"wp:attachment":[{"href":"https:\/\/www.deberes.net\/tesis\/wp-json\/wp\/v2\/media?parent=139172"}],"wp:term":[{"taxonomy":"category","embeddable":true,"href":"https:\/\/www.deberes.net\/tesis\/wp-json\/wp\/v2\/categories?post=139172"},{"taxonomy":"post_tag","embeddable":true,"href":"https:\/\/www.deberes.net\/tesis\/wp-json\/wp\/v2\/tags?post=139172"}],"curies":[{"name":"wp","href":"https:\/\/api.w.org\/{rel}","templated":true}]}}