{"id":139194,"date":"2026-01-12T17:42:43","date_gmt":"2026-01-12T17:42:43","guid":{"rendered":"https:\/\/www.deberes.net\/tesis\/sin-categoria\/derecho-y-ecologia-el-bien-juridico-protegido-en-la-legislacion-medioambiental\/"},"modified":"2026-01-12T17:42:43","modified_gmt":"2026-01-12T17:42:43","slug":"derecho-y-ecologia-el-bien-juridico-protegido-en-la-legislacion-medioambiental","status":"publish","type":"post","link":"https:\/\/www.deberes.net\/tesis\/ciencias-juridicas-y-derecho\/derecho-y-ecologia-el-bien-juridico-protegido-en-la-legislacion-medioambiental\/","title":{"rendered":"Derecho y ecolog\u00eda: el bien juridico protegido en la legislacion medioambiental"},"content":{"rendered":"<h2>Tesis doctoral de <strong> Silverio Nieto N\u00fa\u00f1ez <\/strong><\/h2>\n<p>Aborda la problematica, en la teoria del derecho en relacion con la filosofia, sociolog\u00eda y teolog\u00eda, los planteamientos que la ecolog\u00eda se hace hoy, particularmente en torno a la legislacion que tutela el medioambiente en las leyes generales de espa\u00f1a, estudiando ampliamente el propio concepto de ecolog\u00eda; el recurso a la religion; los problemas de la contaminacion, conservacion y preservacion, deteniendose especialmente como objetivo basico, en el bien juridico protegido en cada norma estudiada y las consecuencias civiles, penales o administrativas, de su vulneracion, poniendo de manifiesto que su estudio no puede tratarse solamente desde sus especificas caracteristicas tecnicas, dejando fuera todas las implicaciones sociales y humanas que contiene. El bien juridico no es meramente un derecho subjetivo ni un interes de tipo economico o utilitario, sino un valor que expresa del modo mas adecuado las exigencias eticas que se hallan en la base de todo ordenamiento juridico que merezca tal nombre.<\/p>\n<p>&nbsp;<\/p>\n<h3>Datos acad\u00e9micos de la tesis doctoral \u00ab<strong>Derecho y ecolog\u00eda: el bien juridico protegido en la legislacion medioambiental<\/strong>\u00ab<\/h3>\n<ul>\n<li><strong>T\u00edtulo de la tesis:<\/strong>\u00a0 Derecho y ecolog\u00eda: el bien juridico protegido en la legislacion medioambiental <\/li>\n<li><strong>Autor:<\/strong>\u00a0 Silverio Nieto N\u00fa\u00f1ez <\/li>\n<li><strong>Universidad:<\/strong>\u00a0 Complutense de Madrid<\/li>\n<li><strong>Fecha de lectura de la tesis:<\/strong>\u00a0 01\/01\/1992<\/li>\n<\/ul>\n<p>&nbsp;<\/p>\n<h3>Direcci\u00f3n y tribunal<\/h3>\n<ul>\n<li><strong>Director de la tesis<\/strong>\n<ul>\n<li>Angela Sanchez De Vera Torres<\/li>\n<\/ul>\n<\/li>\n<li><strong>Tribunal<\/strong>\n<ul>\n<li>Presidente del tribunal: Laureano Lopez Rodo <\/li>\n<li> Garcia De Pablos Antonio (vocal)<\/li>\n<li>Antonio Vargas Machuca (vocal)<\/li>\n<li> Diaz Ambrona M. Dolores (vocal)<\/li>\n<\/ul>\n<\/li>\n<\/ul>\n<p>&nbsp;<\/p>\n","protected":false},"excerpt":{"rendered":"<p>Tesis doctoral de Silverio Nieto N\u00fa\u00f1ez Aborda la problematica, en la teoria del derecho en relacion con la filosofia, sociolog\u00eda [&hellip;]<\/p>\n","protected":false},"author":1,"featured_media":0,"comment_status":"open","ping_status":"open","sticky":false,"template":"","format":"standard","meta":{"site-sidebar-layout":"default","site-content-layout":"","ast-site-content-layout":"","site-content-style":"default","site-sidebar-style":"default","ast-global-header-display":"","ast-banner-title-visibility":"","ast-main-header-display":"","ast-hfb-above-header-display":"","ast-hfb-below-header-display":"","ast-hfb-mobile-header-display":"","site-post-title":"","ast-breadcrumbs-content":"","ast-featured-img":"","footer-sml-layout":"","theme-transparent-header-meta":"","adv-header-id-meta":"","stick-header-meta":"","header-above-stick-meta":"","header-main-stick-meta":"","header-below-stick-meta":"","astra-migrate-meta-layouts":"default","ast-page-background-enabled":"default","ast-page-background-meta":{"desktop":{"background-color":"var(--ast-global-color-4)","background-image":"","background-repeat":"repeat","background-position":"center center","background-size":"auto","background-attachment":"scroll","background-type":"","background-media":"","overlay-type":"","overlay-color":"","overlay-gradient":""},"tablet":{"background-color":"","background-image":"","background-repeat":"repeat","background-position":"center center","background-size":"auto","background-attachment":"scroll","background-type":"","background-media":"","overlay-type":"","overlay-color":"","overlay-gradient":""},"mobile":{"background-color":"","background-image":"","background-repeat":"repeat","background-position":"center center","background-size":"auto","background-attachment":"scroll","background-type":"","background-media":"","overlay-type":"","overlay-color":"","overlay-gradient":""}},"ast-content-background-meta":{"desktop":{"background-color":"var(--ast-global-color-5)","background-image":"","background-repeat":"repeat","background-position":"center center","background-size":"auto","background-attachment":"scroll","background-type":"","background-media":"","overlay-type":"","overlay-color":"","overlay-gradient":""},"tablet":{"background-color":"var(--ast-global-color-5)","background-image":"","background-repeat":"repeat","background-position":"center center","background-size":"auto","background-attachment":"scroll","background-type":"","background-media":"","overlay-type":"","overlay-color":"","overlay-gradient":""},"mobile":{"background-color":"var(--ast-global-color-5)","background-image":"","background-repeat":"repeat","background-position":"center center","background-size":"auto","background-attachment":"scroll","background-type":"","background-media":"","overlay-type":"","overlay-color":"","overlay-gradient":""}},"footnotes":""},"categories":[612,986,1442,979,3193],"tags":[7135,253709,248157,253708,18627,64785],"class_list":["post-139194","post","type-post","status-publish","format-standard","hentry","category-ciencias-juridicas-y-derecho","category-complutense-de-madrid","category-derecho-administrativo","category-derecho-y-legislacion-nacionales","category-teoria-y-metodos-generales-del-derecho","tag-angela-sanchez-de-vera-torres","tag-antonio-vargas-machuca","tag-diaz-ambrona-m-dolores","tag-garcia-de-pablos-antonio","tag-laureano-lopez-rodo","tag-silverio-nieto-nunez"],"_links":{"self":[{"href":"https:\/\/www.deberes.net\/tesis\/wp-json\/wp\/v2\/posts\/139194","targetHints":{"allow":["GET"]}}],"collection":[{"href":"https:\/\/www.deberes.net\/tesis\/wp-json\/wp\/v2\/posts"}],"about":[{"href":"https:\/\/www.deberes.net\/tesis\/wp-json\/wp\/v2\/types\/post"}],"author":[{"embeddable":true,"href":"https:\/\/www.deberes.net\/tesis\/wp-json\/wp\/v2\/users\/1"}],"replies":[{"embeddable":true,"href":"https:\/\/www.deberes.net\/tesis\/wp-json\/wp\/v2\/comments?post=139194"}],"version-history":[{"count":0,"href":"https:\/\/www.deberes.net\/tesis\/wp-json\/wp\/v2\/posts\/139194\/revisions"}],"wp:attachment":[{"href":"https:\/\/www.deberes.net\/tesis\/wp-json\/wp\/v2\/media?parent=139194"}],"wp:term":[{"taxonomy":"category","embeddable":true,"href":"https:\/\/www.deberes.net\/tesis\/wp-json\/wp\/v2\/categories?post=139194"},{"taxonomy":"post_tag","embeddable":true,"href":"https:\/\/www.deberes.net\/tesis\/wp-json\/wp\/v2\/tags?post=139194"}],"curies":[{"name":"wp","href":"https:\/\/api.w.org\/{rel}","templated":true}]}}