{"id":139232,"date":"2026-01-12T17:43:15","date_gmt":"2026-01-12T17:43:15","guid":{"rendered":"https:\/\/www.deberes.net\/tesis\/sin-categoria\/historia-historiadores-e-historiografia-en-la-facultad-de-letras-de-la-universidad-de-madrid-1843-1868\/"},"modified":"2026-01-12T17:43:15","modified_gmt":"2026-01-12T17:43:15","slug":"historia-historiadores-e-historiografia-en-la-facultad-de-letras-de-la-universidad-de-madrid-1843-1868","status":"publish","type":"post","link":"https:\/\/www.deberes.net\/tesis\/historia\/historia-historiadores-e-historiografia-en-la-facultad-de-letras-de-la-universidad-de-madrid-1843-1868\/","title":{"rendered":"Historia, historiadores e historiografia en la facultad de letras de la universidad de Madrid (1843-1868)"},"content":{"rendered":"<h2>Tesis doctoral de <strong> Aurora Riviere Gomez <\/strong><\/h2>\n<p>Estudio sobre los historiadores y la historiografia centrado en el analisis de las conexiones entre aquella historiografia y la propia consolidacion del historiador como figura profesional, con el proceso de creacion y despliegue de mecanismos legitimadores del estado contemporaneo. Dichas conexiones se presentan a traves de dos estudios: primero en el de la colaboracion del historiador en la formacion del patrimonio cultural del estado, entendiendo que se trata de un recurso basico de legitimacion del mismo, (el patrimonio cultural es la representacion visual y simbolica de la posesion de un acervo cultural justificante de su existencia), y que era tambien un medio fundamental para la consolidacion del sistema educativo contemporaneo (centralizado y homogeneo). Se estudian toda una serie de generos historiograficos que surgen en torno a la tarea de confeccion del patrimonio. En segundo termino se aborda el analisis de los estudios orientales de esos historiadores, del arabismo y del hebraismo, en los que se destaca su papel central en la elaboracion del discurso nacionalista en el caso espa\u00f1ol.<\/p>\n<p>&nbsp;<\/p>\n<h3>Datos acad\u00e9micos de la tesis doctoral \u00ab<strong>Historia, historiadores e historiografia en la facultad de letras de la universidad de Madrid (1843-1868)<\/strong>\u00ab<\/h3>\n<ul>\n<li><strong>T\u00edtulo de la tesis:<\/strong>\u00a0 Historia, historiadores e historiografia en la facultad de letras de la universidad de Madrid (1843-1868) <\/li>\n<li><strong>Autor:<\/strong>\u00a0 Aurora Riviere Gomez <\/li>\n<li><strong>Universidad:<\/strong>\u00a0 Complutense de Madrid<\/li>\n<li><strong>Fecha de lectura de la tesis:<\/strong>\u00a0 01\/01\/1992<\/li>\n<\/ul>\n<p>&nbsp;<\/p>\n<h3>Direcci\u00f3n y tribunal<\/h3>\n<ul>\n<li><strong>Director de la tesis<\/strong>\n<ul>\n<li>Elena Hernandez Sandoica<\/li>\n<\/ul>\n<\/li>\n<li><strong>Tribunal<\/strong>\n<ul>\n<li>Presidente del tribunal: Juan  Pablo Fusi Aizpurua <\/li>\n<li>Bernab\u00e9 L\u00f3pez Garc\u00eda (vocal)<\/li>\n<li>Edward Baker (vocal)<\/li>\n<li> Perez Garzon Juan  Sisinio (vocal)<\/li>\n<\/ul>\n<\/li>\n<\/ul>\n<p>&nbsp;<\/p>\n","protected":false},"excerpt":{"rendered":"<p>Tesis doctoral de Aurora Riviere Gomez Estudio sobre los historiadores y la historiografia centrado en el analisis de las conexiones [&hellip;]<\/p>\n","protected":false},"author":1,"featured_media":0,"comment_status":"open","ping_status":"open","sticky":false,"template":"","format":"standard","meta":{"site-sidebar-layout":"default","site-content-layout":"","ast-site-content-layout":"","site-content-style":"default","site-sidebar-style":"default","ast-global-header-display":"","ast-banner-title-visibility":"","ast-main-header-display":"","ast-hfb-above-header-display":"","ast-hfb-below-header-display":"","ast-hfb-mobile-header-display":"","site-post-title":"","ast-breadcrumbs-content":"","ast-featured-img":"","footer-sml-layout":"","theme-transparent-header-meta":"","adv-header-id-meta":"","stick-header-meta":"","header-above-stick-meta":"","header-main-stick-meta":"","header-below-stick-meta":"","astra-migrate-meta-layouts":"default","ast-page-background-enabled":"default","ast-page-background-meta":{"desktop":{"background-color":"var(--ast-global-color-4)","background-image":"","background-repeat":"repeat","background-position":"center center","background-size":"auto","background-attachment":"scroll","background-type":"","background-media":"","overlay-type":"","overlay-color":"","overlay-gradient":""},"tablet":{"background-color":"","background-image":"","background-repeat":"repeat","background-position":"center center","background-size":"auto","background-attachment":"scroll","background-type":"","background-media":"","overlay-type":"","overlay-color":"","overlay-gradient":""},"mobile":{"background-color":"","background-image":"","background-repeat":"repeat","background-position":"center center","background-size":"auto","background-attachment":"scroll","background-type":"","background-media":"","overlay-type":"","overlay-color":"","overlay-gradient":""}},"ast-content-background-meta":{"desktop":{"background-color":"var(--ast-global-color-5)","background-image":"","background-repeat":"repeat","background-position":"center center","background-size":"auto","background-attachment":"scroll","background-type":"","background-media":"","overlay-type":"","overlay-color":"","overlay-gradient":""},"tablet":{"background-color":"var(--ast-global-color-5)","background-image":"","background-repeat":"repeat","background-position":"center center","background-size":"auto","background-attachment":"scroll","background-type":"","background-media":"","overlay-type":"","overlay-color":"","overlay-gradient":""},"mobile":{"background-color":"var(--ast-global-color-5)","background-image":"","background-repeat":"repeat","background-position":"center center","background-size":"auto","background-attachment":"scroll","background-type":"","background-media":"","overlay-type":"","overlay-color":"","overlay-gradient":""}},"footnotes":""},"categories":[986,104,106,5914],"tags":[253757,5650,143027,64064,6662,18506],"class_list":["post-139232","post","type-post","status-publish","format-standard","hentry","category-complutense-de-madrid","category-historia","category-historia-general","category-historiografia","tag-aurora-riviere-gomez","tag-bernabe-lopez-garcia","tag-edward-baker","tag-elena-hernandez-sandoica","tag-juan-pablo-fusi-aizpurua","tag-perez-garzon-juan-sisinio"],"_links":{"self":[{"href":"https:\/\/www.deberes.net\/tesis\/wp-json\/wp\/v2\/posts\/139232","targetHints":{"allow":["GET"]}}],"collection":[{"href":"https:\/\/www.deberes.net\/tesis\/wp-json\/wp\/v2\/posts"}],"about":[{"href":"https:\/\/www.deberes.net\/tesis\/wp-json\/wp\/v2\/types\/post"}],"author":[{"embeddable":true,"href":"https:\/\/www.deberes.net\/tesis\/wp-json\/wp\/v2\/users\/1"}],"replies":[{"embeddable":true,"href":"https:\/\/www.deberes.net\/tesis\/wp-json\/wp\/v2\/comments?post=139232"}],"version-history":[{"count":0,"href":"https:\/\/www.deberes.net\/tesis\/wp-json\/wp\/v2\/posts\/139232\/revisions"}],"wp:attachment":[{"href":"https:\/\/www.deberes.net\/tesis\/wp-json\/wp\/v2\/media?parent=139232"}],"wp:term":[{"taxonomy":"category","embeddable":true,"href":"https:\/\/www.deberes.net\/tesis\/wp-json\/wp\/v2\/categories?post=139232"},{"taxonomy":"post_tag","embeddable":true,"href":"https:\/\/www.deberes.net\/tesis\/wp-json\/wp\/v2\/tags?post=139232"}],"curies":[{"name":"wp","href":"https:\/\/api.w.org\/{rel}","templated":true}]}}