{"id":139271,"date":"2026-01-12T17:43:52","date_gmt":"2026-01-12T17:43:52","guid":{"rendered":"https:\/\/www.deberes.net\/tesis\/sin-categoria\/historia-de-una-empresa-periodistica-gallega-la-region\/"},"modified":"2026-01-12T17:43:52","modified_gmt":"2026-01-12T17:43:52","slug":"historia-de-una-empresa-periodistica-gallega-la-region","status":"publish","type":"post","link":"https:\/\/www.deberes.net\/tesis\/historia\/historia-de-una-empresa-periodistica-gallega-la-region\/","title":{"rendered":"Historia de una empresa periodistica gallega: \u00abla region\u00bb"},"content":{"rendered":"<h2>Tesis doctoral de <strong> Edelmiro Valladares Fernandez <\/strong><\/h2>\n<p>La tesis desarrolla la historia de la empresa informativa \u00abla region\u00bb, de orense, desde su fundacion en el a\u00f1o 1910 hasta el a\u00f1o 1985. Se hace un analisis exhaustivo de la prensa gallega en comparacion con la orensana del siglo xix, asi como lo que va de este siglo.  se analizan todas las secciones de \u00abla region\u00bb, ademas de la influencia de la familia outeiri\u00f1o, actuales propietarios, en el cambio y desarrollo historico de la empresa editora.  la publicidad, tirada, distribucion, numero de paginas y precios de \u00abla region\u00bb son tambien abordados, naturalmente, con profusion de detalles. En este sentido, las esquelas son, todavia hoy, una importante fuente de ingresos de la sociedad.  finalmente, la edicion europa y la edicion america marcan otro hito dentro del periodismo espa\u00f1ol. Estos puntos y otros contemplados en el indice se desarrollan en paginas interiores y nos llevan a unas conclusiones, creemos que interesantes.<\/p>\n<p>&nbsp;<\/p>\n<h3>Datos acad\u00e9micos de la tesis doctoral \u00ab<strong>Historia de una empresa periodistica gallega: \u00abla region\u00bb<\/strong>\u00ab<\/h3>\n<ul>\n<li><strong>T\u00edtulo de la tesis:<\/strong>\u00a0 Historia de una empresa periodistica gallega: \u00abla region\u00bb <\/li>\n<li><strong>Autor:<\/strong>\u00a0 Edelmiro Valladares Fernandez <\/li>\n<li><strong>Universidad:<\/strong>\u00a0 Complutense de Madrid<\/li>\n<li><strong>Fecha de lectura de la tesis:<\/strong>\u00a0 01\/01\/1992<\/li>\n<\/ul>\n<p>&nbsp;<\/p>\n<h3>Direcci\u00f3n y tribunal<\/h3>\n<ul>\n<li><strong>Director de la tesis<\/strong>\n<ul>\n<li>Jose Tallon Garcia<\/li>\n<\/ul>\n<\/li>\n<li><strong>Tribunal<\/strong>\n<ul>\n<li>Presidente del tribunal: Pedro Farias Garcia <\/li>\n<li>Ramon Blanco Carril (vocal)<\/li>\n<li>Ramon Villares Paz (vocal)<\/li>\n<li>Jos\u00e9 Ram\u00f3n Barreiro Fern\u00e1ndez (vocal)<\/li>\n<\/ul>\n<\/li>\n<\/ul>\n<p>&nbsp;<\/p>\n","protected":false},"excerpt":{"rendered":"<p>Tesis doctoral de Edelmiro Valladares Fernandez La tesis desarrolla la historia de la empresa informativa \u00abla region\u00bb, de orense, desde [&hellip;]<\/p>\n","protected":false},"author":1,"featured_media":0,"comment_status":"open","ping_status":"open","sticky":false,"template":"","format":"standard","meta":{"site-sidebar-layout":"default","site-content-layout":"","ast-site-content-layout":"","site-content-style":"default","site-sidebar-style":"default","ast-global-header-display":"","ast-banner-title-visibility":"","ast-main-header-display":"","ast-hfb-above-header-display":"","ast-hfb-below-header-display":"","ast-hfb-mobile-header-display":"","site-post-title":"","ast-breadcrumbs-content":"","ast-featured-img":"","footer-sml-layout":"","theme-transparent-header-meta":"","adv-header-id-meta":"","stick-header-meta":"","header-above-stick-meta":"","header-main-stick-meta":"","header-below-stick-meta":"","astra-migrate-meta-layouts":"default","ast-page-background-enabled":"default","ast-page-background-meta":{"desktop":{"background-color":"var(--ast-global-color-4)","background-image":"","background-repeat":"repeat","background-position":"center center","background-size":"auto","background-attachment":"scroll","background-type":"","background-media":"","overlay-type":"","overlay-color":"","overlay-gradient":""},"tablet":{"background-color":"","background-image":"","background-repeat":"repeat","background-position":"center center","background-size":"auto","background-attachment":"scroll","background-type":"","background-media":"","overlay-type":"","overlay-color":"","overlay-gradient":""},"mobile":{"background-color":"","background-image":"","background-repeat":"repeat","background-position":"center center","background-size":"auto","background-attachment":"scroll","background-type":"","background-media":"","overlay-type":"","overlay-color":"","overlay-gradient":""}},"ast-content-background-meta":{"desktop":{"background-color":"var(--ast-global-color-5)","background-image":"","background-repeat":"repeat","background-position":"center center","background-size":"auto","background-attachment":"scroll","background-type":"","background-media":"","overlay-type":"","overlay-color":"","overlay-gradient":""},"tablet":{"background-color":"var(--ast-global-color-5)","background-image":"","background-repeat":"repeat","background-position":"center center","background-size":"auto","background-attachment":"scroll","background-type":"","background-media":"","overlay-type":"","overlay-color":"","overlay-gradient":""},"mobile":{"background-color":"var(--ast-global-color-5)","background-image":"","background-repeat":"repeat","background-position":"center center","background-size":"auto","background-attachment":"scroll","background-type":"","background-media":"","overlay-type":"","overlay-color":"","overlay-gradient":""}},"footnotes":""},"categories":[986,104,5812,222],"tags":[253801,7088,7238,4830,4843,2911],"class_list":["post-139271","post","type-post","status-publish","format-standard","hentry","category-complutense-de-madrid","category-historia","category-historia-del-periodismo","category-historias-especializadas","tag-edelmiro-valladares-fernandez","tag-jose-ramon-barreiro-fernandez","tag-jose-tallon-garcia","tag-pedro-farias-garcia","tag-ramon-blanco-carril","tag-ramon-villares-paz"],"_links":{"self":[{"href":"https:\/\/www.deberes.net\/tesis\/wp-json\/wp\/v2\/posts\/139271","targetHints":{"allow":["GET"]}}],"collection":[{"href":"https:\/\/www.deberes.net\/tesis\/wp-json\/wp\/v2\/posts"}],"about":[{"href":"https:\/\/www.deberes.net\/tesis\/wp-json\/wp\/v2\/types\/post"}],"author":[{"embeddable":true,"href":"https:\/\/www.deberes.net\/tesis\/wp-json\/wp\/v2\/users\/1"}],"replies":[{"embeddable":true,"href":"https:\/\/www.deberes.net\/tesis\/wp-json\/wp\/v2\/comments?post=139271"}],"version-history":[{"count":0,"href":"https:\/\/www.deberes.net\/tesis\/wp-json\/wp\/v2\/posts\/139271\/revisions"}],"wp:attachment":[{"href":"https:\/\/www.deberes.net\/tesis\/wp-json\/wp\/v2\/media?parent=139271"}],"wp:term":[{"taxonomy":"category","embeddable":true,"href":"https:\/\/www.deberes.net\/tesis\/wp-json\/wp\/v2\/categories?post=139271"},{"taxonomy":"post_tag","embeddable":true,"href":"https:\/\/www.deberes.net\/tesis\/wp-json\/wp\/v2\/tags?post=139271"}],"curies":[{"name":"wp","href":"https:\/\/api.w.org\/{rel}","templated":true}]}}