{"id":139400,"date":"2026-01-12T17:45:18","date_gmt":"2026-01-12T17:45:18","guid":{"rendered":"https:\/\/www.deberes.net\/tesis\/sin-categoria\/la-esencia-en-la-metafisica-x-zubiri-y-la-filosofia-medieval\/"},"modified":"2026-01-12T17:45:18","modified_gmt":"2026-01-12T17:45:18","slug":"la-esencia-en-la-metafisica-x-zubiri-y-la-filosofia-medieval","status":"publish","type":"post","link":"https:\/\/www.deberes.net\/tesis\/filosofia\/la-esencia-en-la-metafisica-x-zubiri-y-la-filosofia-medieval\/","title":{"rendered":"La esencia en la metafisica: x. zubiri y la filosofia medieval"},"content":{"rendered":"<h2>Tesis doctoral de <strong> Jose Cercos Soto <\/strong><\/h2>\n<p>La tesis es un estudio de caracter comparativo, centrado la concepcion de la esencia en x. Zubiri y tomas de aquino. El trabajo consta de dos partes, mas la correspondiente introduccion, conclusiones y bibliografia.  en la primera parte se analiza la posicion de zubiri respecto a la esencia: comienza exponiendo cuestiones metodologicas y a continuacion muestra el papel que la esencia desempe\u00f1a en la filosofia de zubiri. La segunda parte es un estudio de la especulacion tomista sobre la esencia, con continuas referencias a la interpretacion zubiriana de la filosofia medieval y con una comparacion de las posiciones de ambos filosofos.  dos nociones claves que se utilizan en el estudio son la de ser y la de entidad concreta, que llevan a comprender el diferente modo en que zubiri y tomas de aquino entienden la realidad. Tambien se consideran las distintas formas que tienen de comprender las unidades en que se estructura esa realidad: la substancia, en el caso de tomas; la substantividad, en zubiri.  en conclusion, podria decirse que la disparidad teorica entre ambos autores reside en el modo de entender la metafisica: zubiri acentua el aspecto fisica (el \u00abfisica\u00bb de la metafisica), mientras que tomas el aspecto transcendental (el \u00abmeta\u00bb de esta disciplina).<\/p>\n<p>&nbsp;<\/p>\n<h3>Datos acad\u00e9micos de la tesis doctoral \u00ab<strong>La esencia en la metafisica: x. zubiri y la filosofia medieval<\/strong>\u00ab<\/h3>\n<ul>\n<li><strong>T\u00edtulo de la tesis:<\/strong>\u00a0 La esencia en la metafisica: x. zubiri y la filosofia medieval <\/li>\n<li><strong>Autor:<\/strong>\u00a0 Jose Cercos Soto <\/li>\n<li><strong>Universidad:<\/strong>\u00a0 Murcia<\/li>\n<li><strong>Fecha de lectura de la tesis:<\/strong>\u00a0 01\/01\/1992<\/li>\n<\/ul>\n<p>&nbsp;<\/p>\n<h3>Direcci\u00f3n y tribunal<\/h3>\n<ul>\n<li><strong>Director de la tesis<\/strong>\n<ul>\n<li>Jes\u00fas Garc\u00eda L\u00f3pez<\/li>\n<\/ul>\n<\/li>\n<li><strong>Tribunal<\/strong>\n<ul>\n<li>Presidente del tribunal: Armando Segura Naya <\/li>\n<li>Eudaldo Forment Giralt (vocal)<\/li>\n<li>Lu\u00eds \u00e1lvarez Munarriz (vocal)<\/li>\n<li>Gregorio Gomez Cambres (vocal)<\/li>\n<\/ul>\n<\/li>\n<\/ul>\n<p>&nbsp;<\/p>\n","protected":false},"excerpt":{"rendered":"<p>Tesis doctoral de Jose Cercos Soto La tesis es un estudio de caracter comparativo, centrado la concepcion de la esencia [&hellip;]<\/p>\n","protected":false},"author":1,"featured_media":0,"comment_status":"open","ping_status":"open","sticky":false,"template":"","format":"standard","meta":{"site-sidebar-layout":"default","site-content-layout":"","ast-site-content-layout":"","site-content-style":"default","site-sidebar-style":"default","ast-global-header-display":"","ast-banner-title-visibility":"","ast-main-header-display":"","ast-hfb-above-header-display":"","ast-hfb-below-header-display":"","ast-hfb-mobile-header-display":"","site-post-title":"","ast-breadcrumbs-content":"","ast-featured-img":"","footer-sml-layout":"","theme-transparent-header-meta":"","adv-header-id-meta":"","stick-header-meta":"","header-above-stick-meta":"","header-main-stick-meta":"","header-below-stick-meta":"","astra-migrate-meta-layouts":"default","ast-page-background-enabled":"default","ast-page-background-meta":{"desktop":{"background-color":"var(--ast-global-color-4)","background-image":"","background-repeat":"repeat","background-position":"center center","background-size":"auto","background-attachment":"scroll","background-type":"","background-media":"","overlay-type":"","overlay-color":"","overlay-gradient":""},"tablet":{"background-color":"","background-image":"","background-repeat":"repeat","background-position":"center center","background-size":"auto","background-attachment":"scroll","background-type":"","background-media":"","overlay-type":"","overlay-color":"","overlay-gradient":""},"mobile":{"background-color":"","background-image":"","background-repeat":"repeat","background-position":"center center","background-size":"auto","background-attachment":"scroll","background-type":"","background-media":"","overlay-type":"","overlay-color":"","overlay-gradient":""}},"ast-content-background-meta":{"desktop":{"background-color":"var(--ast-global-color-5)","background-image":"","background-repeat":"repeat","background-position":"center center","background-size":"auto","background-attachment":"scroll","background-type":"","background-media":"","overlay-type":"","overlay-color":"","overlay-gradient":""},"tablet":{"background-color":"var(--ast-global-color-5)","background-image":"","background-repeat":"repeat","background-position":"center center","background-size":"auto","background-attachment":"scroll","background-type":"","background-media":"","overlay-type":"","overlay-color":"","overlay-gradient":""},"mobile":{"background-color":"var(--ast-global-color-5)","background-image":"","background-repeat":"repeat","background-position":"center center","background-size":"auto","background-attachment":"scroll","background-type":"","background-media":"","overlay-type":"","overlay-color":"","overlay-gradient":""}},"footnotes":""},"categories":[1832,165,5342,6428,8235],"tags":[32080,1188,24776,8651,253917,8653],"class_list":["post-139400","post","type-post","status-publish","format-standard","hentry","category-doctrinas-filosoficas","category-filosofia","category-filosofia-general","category-metafisica-y-ontologia","category-murcia","tag-armando-segura-naya","tag-eudaldo-forment-giralt","tag-gregorio-gomez-cambres","tag-jesus-garcia-lopez","tag-jose-cercos-soto","tag-luis-alvarez-munarriz"],"_links":{"self":[{"href":"https:\/\/www.deberes.net\/tesis\/wp-json\/wp\/v2\/posts\/139400","targetHints":{"allow":["GET"]}}],"collection":[{"href":"https:\/\/www.deberes.net\/tesis\/wp-json\/wp\/v2\/posts"}],"about":[{"href":"https:\/\/www.deberes.net\/tesis\/wp-json\/wp\/v2\/types\/post"}],"author":[{"embeddable":true,"href":"https:\/\/www.deberes.net\/tesis\/wp-json\/wp\/v2\/users\/1"}],"replies":[{"embeddable":true,"href":"https:\/\/www.deberes.net\/tesis\/wp-json\/wp\/v2\/comments?post=139400"}],"version-history":[{"count":0,"href":"https:\/\/www.deberes.net\/tesis\/wp-json\/wp\/v2\/posts\/139400\/revisions"}],"wp:attachment":[{"href":"https:\/\/www.deberes.net\/tesis\/wp-json\/wp\/v2\/media?parent=139400"}],"wp:term":[{"taxonomy":"category","embeddable":true,"href":"https:\/\/www.deberes.net\/tesis\/wp-json\/wp\/v2\/categories?post=139400"},{"taxonomy":"post_tag","embeddable":true,"href":"https:\/\/www.deberes.net\/tesis\/wp-json\/wp\/v2\/tags?post=139400"}],"curies":[{"name":"wp","href":"https:\/\/api.w.org\/{rel}","templated":true}]}}