{"id":139570,"date":"2026-01-12T17:46:47","date_gmt":"2026-01-12T17:46:47","guid":{"rendered":"https:\/\/www.deberes.net\/tesis\/sin-categoria\/la-marina-occidental-asturiana-un-modelo-de-integracion-territorial-en-un-espacio-regional\/"},"modified":"2026-01-12T17:46:47","modified_gmt":"2026-01-12T17:46:47","slug":"la-marina-occidental-asturiana-un-modelo-de-integracion-territorial-en-un-espacio-regional","status":"publish","type":"post","link":"https:\/\/www.deberes.net\/tesis\/geografia\/la-marina-occidental-asturiana-un-modelo-de-integracion-territorial-en-un-espacio-regional\/","title":{"rendered":"La marina occidental asturiana. un modelo de integracion territorial en un espacio regional"},"content":{"rendered":"<h2>Tesis doctoral de <strong> Benjamin Mendez Garcia <\/strong><\/h2>\n<p>Los procesos recientes de reorganicacion territorial responden a las necesidades generadas por el sistema economico dominante. Las relaciones de dependencia entre los centros urbanos mas dinamicos y el entorno rural han cambiado de forma.  el espacio elegido para comprobar en detalle los distintos fenomenos tiene un rasgo fisico vertebrador, la rasa occidental asturiana. Sin embargo, el ambito geografico seleccionado no responde de modo homogeneo; la relacion y la distancia con el area central asturiana, de la que depende, han provocado diferentes mecanismos y ritmos de integracion que se aprecian, por ejemplo, en la desigual especializacion lechera, o en las funciones desempe\u00f1adas por las villas que articulan el territorio a escala comarcal o local.<\/p>\n<p>&nbsp;<\/p>\n<h3>Datos acad\u00e9micos de la tesis doctoral \u00ab<strong>La marina occidental asturiana. un modelo de integracion territorial en un espacio regional<\/strong>\u00ab<\/h3>\n<ul>\n<li><strong>T\u00edtulo de la tesis:<\/strong>\u00a0 La marina occidental asturiana. un modelo de integracion territorial en un espacio regional <\/li>\n<li><strong>Autor:<\/strong>\u00a0 Benjamin Mendez Garcia <\/li>\n<li><strong>Universidad:<\/strong>\u00a0 Oviedo<\/li>\n<li><strong>Fecha de lectura de la tesis:<\/strong>\u00a0 01\/01\/1992<\/li>\n<\/ul>\n<p>&nbsp;<\/p>\n<h3>Direcci\u00f3n y tribunal<\/h3>\n<ul>\n<li><strong>Director de la tesis<\/strong>\n<ul>\n<li>Guillermo Morales Matos<\/li>\n<\/ul>\n<\/li>\n<li><strong>Tribunal<\/strong>\n<ul>\n<li>Presidente del tribunal: Francisco Quiros Linares <\/li>\n<li> Garc\u00eda Merino Luis Vicente (vocal)<\/li>\n<li>Ram\u00f3n P\u00e9rez Gonz\u00e1lez (vocal)<\/li>\n<li>Aaron Cohen Amselem (vocal)<\/li>\n<\/ul>\n<\/li>\n<\/ul>\n<p>&nbsp;<\/p>\n","protected":false},"excerpt":{"rendered":"<p>Tesis doctoral de Benjamin Mendez Garcia Los procesos recientes de reorganicacion territorial responden a las necesidades generadas por el sistema [&hellip;]<\/p>\n","protected":false},"author":1,"featured_media":0,"comment_status":"open","ping_status":"open","sticky":false,"template":"","format":"standard","meta":{"site-sidebar-layout":"default","site-content-layout":"","ast-site-content-layout":"","site-content-style":"default","site-sidebar-style":"default","ast-global-header-display":"","ast-banner-title-visibility":"","ast-main-header-display":"","ast-hfb-above-header-display":"","ast-hfb-below-header-display":"","ast-hfb-mobile-header-display":"","site-post-title":"","ast-breadcrumbs-content":"","ast-featured-img":"","footer-sml-layout":"","theme-transparent-header-meta":"","adv-header-id-meta":"","stick-header-meta":"","header-above-stick-meta":"","header-main-stick-meta":"","header-below-stick-meta":"","astra-migrate-meta-layouts":"default","ast-page-background-enabled":"default","ast-page-background-meta":{"desktop":{"background-color":"var(--ast-global-color-4)","background-image":"","background-repeat":"repeat","background-position":"center center","background-size":"auto","background-attachment":"scroll","background-type":"","background-media":"","overlay-type":"","overlay-color":"","overlay-gradient":""},"tablet":{"background-color":"","background-image":"","background-repeat":"repeat","background-position":"center center","background-size":"auto","background-attachment":"scroll","background-type":"","background-media":"","overlay-type":"","overlay-color":"","overlay-gradient":""},"mobile":{"background-color":"","background-image":"","background-repeat":"repeat","background-position":"center center","background-size":"auto","background-attachment":"scroll","background-type":"","background-media":"","overlay-type":"","overlay-color":"","overlay-gradient":""}},"ast-content-background-meta":{"desktop":{"background-color":"var(--ast-global-color-5)","background-image":"","background-repeat":"repeat","background-position":"center center","background-size":"auto","background-attachment":"scroll","background-type":"","background-media":"","overlay-type":"","overlay-color":"","overlay-gradient":""},"tablet":{"background-color":"var(--ast-global-color-5)","background-image":"","background-repeat":"repeat","background-position":"center center","background-size":"auto","background-attachment":"scroll","background-type":"","background-media":"","overlay-type":"","overlay-color":"","overlay-gradient":""},"mobile":{"background-color":"var(--ast-global-color-5)","background-image":"","background-repeat":"repeat","background-position":"center center","background-size":"auto","background-attachment":"scroll","background-type":"","background-media":"","overlay-type":"","overlay-color":"","overlay-gradient":""}},"footnotes":""},"categories":[1399,3090,11298,8846],"tags":[254081,254080,16699,58634,16697,9377],"class_list":["post-139570","post","type-post","status-publish","format-standard","hentry","category-geografia","category-geografia-regional","category-geografia-rural","category-oviedo","tag-aaron-cohen-amselem","tag-benjamin-mendez-garcia","tag-francisco-quiros-linares","tag-garcia-merino-luis-vicente","tag-guillermo-morales-matos","tag-ramon-perez-gonzalez"],"_links":{"self":[{"href":"https:\/\/www.deberes.net\/tesis\/wp-json\/wp\/v2\/posts\/139570","targetHints":{"allow":["GET"]}}],"collection":[{"href":"https:\/\/www.deberes.net\/tesis\/wp-json\/wp\/v2\/posts"}],"about":[{"href":"https:\/\/www.deberes.net\/tesis\/wp-json\/wp\/v2\/types\/post"}],"author":[{"embeddable":true,"href":"https:\/\/www.deberes.net\/tesis\/wp-json\/wp\/v2\/users\/1"}],"replies":[{"embeddable":true,"href":"https:\/\/www.deberes.net\/tesis\/wp-json\/wp\/v2\/comments?post=139570"}],"version-history":[{"count":0,"href":"https:\/\/www.deberes.net\/tesis\/wp-json\/wp\/v2\/posts\/139570\/revisions"}],"wp:attachment":[{"href":"https:\/\/www.deberes.net\/tesis\/wp-json\/wp\/v2\/media?parent=139570"}],"wp:term":[{"taxonomy":"category","embeddable":true,"href":"https:\/\/www.deberes.net\/tesis\/wp-json\/wp\/v2\/categories?post=139570"},{"taxonomy":"post_tag","embeddable":true,"href":"https:\/\/www.deberes.net\/tesis\/wp-json\/wp\/v2\/tags?post=139570"}],"curies":[{"name":"wp","href":"https:\/\/api.w.org\/{rel}","templated":true}]}}