{"id":139837,"date":"2026-01-12T17:49:17","date_gmt":"2026-01-12T17:49:17","guid":{"rendered":"https:\/\/www.deberes.net\/tesis\/sin-categoria\/las-tribus-indigenas-y-las-ordenes-religiosas-en-la-audiencia-de-nueva-galicia-s-xvi-y-xvii\/"},"modified":"2026-01-12T17:49:17","modified_gmt":"2026-01-12T17:49:17","slug":"las-tribus-indigenas-y-las-ordenes-religiosas-en-la-audiencia-de-nueva-galicia-s-xvi-y-xvii","status":"publish","type":"post","link":"https:\/\/www.deberes.net\/tesis\/historia\/las-tribus-indigenas-y-las-ordenes-religiosas-en-la-audiencia-de-nueva-galicia-s-xvi-y-xvii\/","title":{"rendered":"Las tribus indigenas y las ordenes religiosas en la audiencia de nueva galicia (s. xvi y xvii)."},"content":{"rendered":"<h2>Tesis doctoral de <strong>  Roman Gutierrez Jos\u00e9 Francisco <\/strong><\/h2>\n<p>Con la entrada de nu\u00f1o de guzman en el territorio norte\u00f1o de la nueva espa\u00f1a, a partir de diciembre de 1530, se abrio una frontera que a lo largo del siglo xvi iria modificando sus caracteristicas. No solo los aspectos geograficos influyeron en la peculiar sociedad colonial que se formo en nueva galicia nombre que la corona dio a esa zona,- sino tambien el caracter nomada de gran parte de los indigenas que habitaban esas tierras, llamados chichimecas; el retraso en la creacion de instituciones estables, como la real audiencia y el obispado de nueva galicia; la movilidad poblacional por el descubrimiento de las minas de plata; y la ausencia de un proyecto especifico de evangelizacion para los chichimecas. En esta frontera desarrollaron su labor franciscanos y agustinos, enfrentando problemas que provenian tanto de la sociedad e instituciones coloniales novogalaicas, como de la estructura misma de las ordenes religiosas.<\/p>\n<p>&nbsp;<\/p>\n<h3>Datos acad\u00e9micos de la tesis doctoral \u00ab<strong>Las tribus indigenas y las ordenes religiosas en la audiencia de nueva galicia (s. xvi y xvii).<\/strong>\u00ab<\/h3>\n<ul>\n<li><strong>T\u00edtulo de la tesis:<\/strong>\u00a0 Las tribus indigenas y las ordenes religiosas en la audiencia de nueva galicia (s. xvi y xvii). <\/li>\n<li><strong>Autor:<\/strong>\u00a0  Roman Gutierrez Jos\u00e9 Francisco <\/li>\n<li><strong>Universidad:<\/strong>\u00a0 Sevilla<\/li>\n<li><strong>Fecha de lectura de la tesis:<\/strong>\u00a0 01\/01\/1992<\/li>\n<\/ul>\n<p>&nbsp;<\/p>\n<h3>Direcci\u00f3n y tribunal<\/h3>\n<ul>\n<li><strong>Director de la tesis<\/strong>\n<ul>\n<li> Sarabia Viejo M. Justina<\/li>\n<\/ul>\n<\/li>\n<li><strong>Tribunal<\/strong>\n<ul>\n<li>Presidente del tribunal:  Calderon Quijano Jos\u00e9 Antonio <\/li>\n<li>Antonio Garcia-abasolo Gonzalez (vocal)<\/li>\n<li> Serrera Contreras Ramon M. (vocal)<\/li>\n<li>Jos\u00e9 Jes\u00fas Hern\u00e1ndez Palomo (vocal)<\/li>\n<\/ul>\n<\/li>\n<\/ul>\n<p>&nbsp;<\/p>\n","protected":false},"excerpt":{"rendered":"<p>Tesis doctoral de Roman Gutierrez Jos\u00e9 Francisco Con la entrada de nu\u00f1o de guzman en el territorio norte\u00f1o de la [&hellip;]<\/p>\n","protected":false},"author":1,"featured_media":0,"comment_status":"open","ping_status":"open","sticky":false,"template":"","format":"standard","meta":{"site-sidebar-layout":"default","site-content-layout":"","ast-site-content-layout":"","site-content-style":"default","site-sidebar-style":"default","ast-global-header-display":"","ast-banner-title-visibility":"","ast-main-header-display":"","ast-hfb-above-header-display":"","ast-hfb-below-header-display":"","ast-hfb-mobile-header-display":"","site-post-title":"","ast-breadcrumbs-content":"","ast-featured-img":"","footer-sml-layout":"","theme-transparent-header-meta":"","adv-header-id-meta":"","stick-header-meta":"","header-above-stick-meta":"","header-main-stick-meta":"","header-below-stick-meta":"","astra-migrate-meta-layouts":"default","ast-page-background-enabled":"default","ast-page-background-meta":{"desktop":{"background-color":"var(--ast-global-color-4)","background-image":"","background-repeat":"repeat","background-position":"center center","background-size":"auto","background-attachment":"scroll","background-type":"","background-media":"","overlay-type":"","overlay-color":"","overlay-gradient":""},"tablet":{"background-color":"","background-image":"","background-repeat":"repeat","background-position":"center center","background-size":"auto","background-attachment":"scroll","background-type":"","background-media":"","overlay-type":"","overlay-color":"","overlay-gradient":""},"mobile":{"background-color":"","background-image":"","background-repeat":"repeat","background-position":"center center","background-size":"auto","background-attachment":"scroll","background-type":"","background-media":"","overlay-type":"","overlay-color":"","overlay-gradient":""}},"ast-content-background-meta":{"desktop":{"background-color":"var(--ast-global-color-5)","background-image":"","background-repeat":"repeat","background-position":"center center","background-size":"auto","background-attachment":"scroll","background-type":"","background-media":"","overlay-type":"","overlay-color":"","overlay-gradient":""},"tablet":{"background-color":"var(--ast-global-color-5)","background-image":"","background-repeat":"repeat","background-position":"center center","background-size":"auto","background-attachment":"scroll","background-type":"","background-media":"","overlay-type":"","overlay-color":"","overlay-gradient":""},"mobile":{"background-color":"var(--ast-global-color-5)","background-image":"","background-repeat":"repeat","background-position":"center center","background-size":"auto","background-attachment":"scroll","background-type":"","background-media":"","overlay-type":"","overlay-color":"","overlay-gradient":""}},"footnotes":""},"categories":[104,3967,6343,220,222,10715],"tags":[6901,108225,39116,254383,11072,26779],"class_list":["post-139837","post","type-post","status-publish","format-standard","hentry","category-historia","category-historia-de-la-iglesia","category-historia-moderna-del-area-americana","category-historia-por-epocas","category-historias-especializadas","category-sevilla","tag-antonio-garcia-abasolo-gonzalez","tag-calderon-quijano-jose-antonio","tag-jose-jesus-hernandez-palomo","tag-roman-gutierrez-jose-francisco","tag-sarabia-viejo-m-justina","tag-serrera-contreras-ramon-m"],"_links":{"self":[{"href":"https:\/\/www.deberes.net\/tesis\/wp-json\/wp\/v2\/posts\/139837","targetHints":{"allow":["GET"]}}],"collection":[{"href":"https:\/\/www.deberes.net\/tesis\/wp-json\/wp\/v2\/posts"}],"about":[{"href":"https:\/\/www.deberes.net\/tesis\/wp-json\/wp\/v2\/types\/post"}],"author":[{"embeddable":true,"href":"https:\/\/www.deberes.net\/tesis\/wp-json\/wp\/v2\/users\/1"}],"replies":[{"embeddable":true,"href":"https:\/\/www.deberes.net\/tesis\/wp-json\/wp\/v2\/comments?post=139837"}],"version-history":[{"count":0,"href":"https:\/\/www.deberes.net\/tesis\/wp-json\/wp\/v2\/posts\/139837\/revisions"}],"wp:attachment":[{"href":"https:\/\/www.deberes.net\/tesis\/wp-json\/wp\/v2\/media?parent=139837"}],"wp:term":[{"taxonomy":"category","embeddable":true,"href":"https:\/\/www.deberes.net\/tesis\/wp-json\/wp\/v2\/categories?post=139837"},{"taxonomy":"post_tag","embeddable":true,"href":"https:\/\/www.deberes.net\/tesis\/wp-json\/wp\/v2\/tags?post=139837"}],"curies":[{"name":"wp","href":"https:\/\/api.w.org\/{rel}","templated":true}]}}