{"id":13984,"date":"2018-03-09T09:00:29","date_gmt":"2018-03-09T09:00:29","guid":{"rendered":"https:\/\/www.deberes.net\/tesis\/sin-categoria\/la-qua%c2%admica-domestica-en-la-segunda-mitad-del-siglo-xix\/"},"modified":"2018-03-09T09:00:29","modified_gmt":"2018-03-09T09:00:29","slug":"la-qua%c2%admica-domestica-en-la-segunda-mitad-del-siglo-xix","status":"publish","type":"post","link":"https:\/\/www.deberes.net\/tesis\/historia\/la-qua%c2%admica-domestica-en-la-segunda-mitad-del-siglo-xix\/","title":{"rendered":"La qu\u00edmica dom\u00e9stica en la segunda mitad del siglo xix"},"content":{"rendered":"<h2>Tesis doctoral de <strong>  Galbis L\u00f3pez M. Esther <\/strong><\/h2>\n<p>A la hora de trazar el panorama de la historia de la qu\u00edmica en un determinado per\u00edodo, junto al estudio de las grandes figuras, resulta imprescindible tambi\u00e9n describir y analizar en qu\u00e9 medida las distintas actividades cient\u00edficas formaban parte de la sociedad de la \u00e9poca. En esta l\u00ednea, este trabajo de investigaci\u00f3n pretende mostrar la presencia cada vez mayor de sta ciencia en la sociedad decimon\u00f3nica,pero desdela perspectiva de la esfera privada. por esta raz\u00f3n, el objetivo de la tesis ha consistido en reflejar aquellos aspectos en los que estaba implicada la qu\u00edmica en la vida cotidiana de una familia burguesa en espa\u00f1a, durante la segunda mitad del siglo xix.  la aplicaci\u00f3n de los conocimientos qu\u00edmicos en la vida diaria se produc\u00eda durante la realizaci\u00f3n de las diferentes tareas dom\u00e9sticas pero, lo que resulta m\u00e1s significativo dada la importancia social de la qu\u00edmica en esa centurai, tambi\u00e9n en el tiempo destinado al ocio, ya que se llevaban a cabo experiencias qu\u00edmicas como forma de entretenimiento en las veladas familiares.  esta tesis contribuye a una nueva l\u00ednea de investigaci\u00f3n emparentada con la historia de la ciencia, la sociolog\u00eda de la ciencia y la historia social, en especial en este caso para la historia de la mujer.<\/p>\n<p>&nbsp;<\/p>\n<h3>Datos acad\u00e9micos de la tesis doctoral \u00ab<strong>La qu\u00edmica dom\u00e9stica en la segunda mitad del siglo xix<\/strong>\u00ab<\/h3>\n<ul>\n<li><strong>T\u00edtulo de la tesis:<\/strong>\u00a0 La qu\u00edmica dom\u00e9stica en la segunda mitad del siglo xix <\/li>\n<li><strong>Autor:<\/strong>\u00a0  Galbis L\u00f3pez M. Esther <\/li>\n<li><strong>Universidad:<\/strong>\u00a0 Universitat de val\u00e9ncia (estudi general)<\/li>\n<li><strong>Fecha de lectura de la tesis:<\/strong>\u00a0 23\/11\/2001<\/li>\n<\/ul>\n<p>&nbsp;<\/p>\n<h3>Direcci\u00f3n y tribunal<\/h3>\n<ul>\n<li><strong>Director de la tesis<\/strong>\n<ul>\n<li>Eugenio Portela Marco<\/li>\n<\/ul>\n<\/li>\n<li><strong>Tribunal<\/strong>\n<ul>\n<li>Presidente del tribunal:  Climent morat\u00f3 M\u00aa dolores <\/li>\n<li>Juan Mico navarro (vocal)<\/li>\n<li>rosa Ballester a\u00f1on (vocal)<\/li>\n<li>isabel Zabala sanchez (vocal)<\/li>\n<\/ul>\n<\/li>\n<\/ul>\n<p>&nbsp;<\/p>\n","protected":false},"excerpt":{"rendered":"<p>Tesis doctoral de Galbis L\u00f3pez M. Esther A la hora de trazar el panorama de la historia de la qu\u00edmica [&hellip;]<\/p>\n","protected":false},"author":1,"featured_media":0,"comment_status":"open","ping_status":"open","sticky":false,"template":"","format":"standard","meta":{"site-sidebar-layout":"default","site-content-layout":"","ast-site-content-layout":"","site-content-style":"default","site-sidebar-style":"default","ast-global-header-display":"","ast-banner-title-visibility":"","ast-main-header-display":"","ast-hfb-above-header-display":"","ast-hfb-below-header-display":"","ast-hfb-mobile-header-display":"","site-post-title":"","ast-breadcrumbs-content":"","ast-featured-img":"","footer-sml-layout":"","theme-transparent-header-meta":"","adv-header-id-meta":"","stick-header-meta":"","header-above-stick-meta":"","header-main-stick-meta":"","header-below-stick-meta":"","astra-migrate-meta-layouts":"default","ast-page-background-enabled":"default","ast-page-background-meta":{"desktop":{"background-color":"var(--ast-global-color-4)","background-image":"","background-repeat":"repeat","background-position":"center center","background-size":"auto","background-attachment":"scroll","background-type":"","background-media":"","overlay-type":"","overlay-color":"","overlay-gradient":""},"tablet":{"background-color":"","background-image":"","background-repeat":"repeat","background-position":"center center","background-size":"auto","background-attachment":"scroll","background-type":"","background-media":"","overlay-type":"","overlay-color":"","overlay-gradient":""},"mobile":{"background-color":"","background-image":"","background-repeat":"repeat","background-position":"center center","background-size":"auto","background-attachment":"scroll","background-type":"","background-media":"","overlay-type":"","overlay-color":"","overlay-gradient":""}},"ast-content-background-meta":{"desktop":{"background-color":"var(--ast-global-color-5)","background-image":"","background-repeat":"repeat","background-position":"center center","background-size":"auto","background-attachment":"scroll","background-type":"","background-media":"","overlay-type":"","overlay-color":"","overlay-gradient":""},"tablet":{"background-color":"var(--ast-global-color-5)","background-image":"","background-repeat":"repeat","background-position":"center center","background-size":"auto","background-attachment":"scroll","background-type":"","background-media":"","overlay-type":"","overlay-color":"","overlay-gradient":""},"mobile":{"background-color":"var(--ast-global-color-5)","background-image":"","background-repeat":"repeat","background-position":"center center","background-size":"auto","background-attachment":"scroll","background-type":"","background-media":"","overlay-type":"","overlay-color":"","overlay-gradient":""}},"footnotes":""},"categories":[104,41598,222],"tags":[39416,25947,45186,45188,45187,8427],"class_list":["post-13984","post","type-post","status-publish","format-standard","hentry","category-historia","category-historia-de-la-quimica","category-historias-especializadas","tag-climent-morato-ma-dolores","tag-eugenio-portela-marco","tag-galbis-lopez-m-esther","tag-isabel-zabala-sanchez","tag-juan-mico-navarro","tag-rosa-ballester-anon"],"_links":{"self":[{"href":"https:\/\/www.deberes.net\/tesis\/wp-json\/wp\/v2\/posts\/13984","targetHints":{"allow":["GET"]}}],"collection":[{"href":"https:\/\/www.deberes.net\/tesis\/wp-json\/wp\/v2\/posts"}],"about":[{"href":"https:\/\/www.deberes.net\/tesis\/wp-json\/wp\/v2\/types\/post"}],"author":[{"embeddable":true,"href":"https:\/\/www.deberes.net\/tesis\/wp-json\/wp\/v2\/users\/1"}],"replies":[{"embeddable":true,"href":"https:\/\/www.deberes.net\/tesis\/wp-json\/wp\/v2\/comments?post=13984"}],"version-history":[{"count":0,"href":"https:\/\/www.deberes.net\/tesis\/wp-json\/wp\/v2\/posts\/13984\/revisions"}],"wp:attachment":[{"href":"https:\/\/www.deberes.net\/tesis\/wp-json\/wp\/v2\/media?parent=13984"}],"wp:term":[{"taxonomy":"category","embeddable":true,"href":"https:\/\/www.deberes.net\/tesis\/wp-json\/wp\/v2\/categories?post=13984"},{"taxonomy":"post_tag","embeddable":true,"href":"https:\/\/www.deberes.net\/tesis\/wp-json\/wp\/v2\/tags?post=13984"}],"curies":[{"name":"wp","href":"https:\/\/api.w.org\/{rel}","templated":true}]}}