{"id":13987,"date":"2018-03-09T09:00:29","date_gmt":"2018-03-09T09:00:29","guid":{"rendered":"https:\/\/www.deberes.net\/tesis\/sin-categoria\/los-discursos-sobre-el-medio-ambiente-en-la-sociedad-valenciana-1996-2000-un-analisis-cualitativo-a-partir-del-conflicto-ecologico-social-de-la-albufera\/"},"modified":"2018-03-09T09:00:29","modified_gmt":"2018-03-09T09:00:29","slug":"los-discursos-sobre-el-medio-ambiente-en-la-sociedad-valenciana-1996-2000-un-analisis-cualitativo-a-partir-del-conflicto-ecologico-social-de-la-albufera","status":"publish","type":"post","link":"https:\/\/www.deberes.net\/tesis\/sociologia\/los-discursos-sobre-el-medio-ambiente-en-la-sociedad-valenciana-1996-2000-un-analisis-cualitativo-a-partir-del-conflicto-ecologico-social-de-la-albufera\/","title":{"rendered":"Los discursos sobre el medio ambiente en la sociedad Valenciana (1996-2000) un analisis cualitativo a partir del conflicto ecologico-social de la albufera"},"content":{"rendered":"<h2>Tesis doctoral de <strong> Jos\u00e9 Manuel Rodriguez Victoriano <\/strong><\/h2>\n<p>Se analizan los discursos en torno al medioambiente en la sociedad Valenciana en el periodo comprendido entre los a\u00f1os 1996 y 200 y su vinculaci\u00f3n con las diferentes clases sociales y sectores sociales. La investigaci\u00f3n se inscribe en la perspectiva de la ecolog\u00eda pol\u00edtica. En la primera parte de la investigaci\u00f3n se fundamenta epistemol\u00f3gica y te\u00f3ricamente dicha perspectiva.  en la segunda parte de la investigaci\u00f3n se desarrolla la propuesta de regulaci\u00f3n metodol\u00f3gica. Una propuesta inscrita en el \u00e1mbito de la escuela de cualitativismo cr\u00edtico de Madrid. La pr\u00e1ctica metodol\u00f3gica utilizada para el trabajo emp\u00edrico ha sido el grupo de discusi\u00f3n. Una pr\u00e1ctica cualitativa mediante la cual en la investigaci\u00f3n se han producido los discursos colectivos diferenciados y se han alcanzado las vivencias de los suejtos frente a la problem\u00e1tica ambienta, y a partir de ellas sus estrat\u00e9gias frete a la problem\u00e1tica ecol\u00f3gico-social. Los materiales emp\u00edricos resultantes han permitido definir las posiciones e ideol\u00f3gicas dominantes sobre el medio ambiente en funci\u00f3n de su relaci\u00f3n con el proceso de modernizaci\u00f3n de la sociedad Valenciana. Han permitido mostrar emp\u00edricamente como los discursos, opiniones, actitudes y valoraciones en tanto que reconstrucci\u00f3n discursiva de las experiencias de los sujetos, est\u00e1n condicionados por su poisici\u00f3n social. A partir de su an\u00e1lisis e interpretaci\u00f3n la investigacion contextualiza las opiniones, actitudes, expectativas y valoracion en funci\u00f3n de su adscripci\u00f3n a los diferentes sectores y clases sociales y desentra\u00f1a el sentido o sentidos que atribuyen a sus pr\u00e1cticas sociales. En la tercera parte se presentan las conclusiones a partir de un eje central: frente a los resultados de las encuestas de actitudes y opiniones sobre el medio ambiente que presentan como compatibles el crecimiento econ\u00f3mico y la protecci\u00f3n de la naturaleza, el an\u00e1lisis emp\u00edrico de los discursos se\u00f1ala como l<\/p>\n<p>&nbsp;<\/p>\n<h3>Datos acad\u00e9micos de la tesis doctoral \u00ab<strong>Los discursos sobre el medio ambiente en la sociedad Valenciana (1996-2000) un analisis cualitativo a partir del conflicto ecologico-social de la albufera<\/strong>\u00ab<\/h3>\n<ul>\n<li><strong>T\u00edtulo de la tesis:<\/strong>\u00a0 Los discursos sobre el medio ambiente en la sociedad Valenciana (1996-2000) un analisis cualitativo a partir del conflicto ecologico-social de la albufera <\/li>\n<li><strong>Autor:<\/strong>\u00a0 Jos\u00e9 Manuel Rodriguez Victoriano <\/li>\n<li><strong>Universidad:<\/strong>\u00a0 Universitat de val\u00e9ncia (estudi general)<\/li>\n<li><strong>Fecha de lectura de la tesis:<\/strong>\u00a0 23\/11\/2001<\/li>\n<\/ul>\n<p>&nbsp;<\/p>\n<h3>Direcci\u00f3n y tribunal<\/h3>\n<ul>\n<li><strong>Director de la tesis<\/strong>\n<ul>\n<li>Ernest Garc\u00eda Garc\u00eda<\/li>\n<\/ul>\n<\/li>\n<li><strong>Tribunal<\/strong>\n<ul>\n<li>Presidente del tribunal:  Marques gonz\u00e1lez josep vicente <\/li>\n<li>Javier Callejo gallego (vocal)<\/li>\n<li>Luis enrique Alonso benito (vocal)<\/li>\n<li>Jorge Reichman fern\u00e1ndez (vocal)<\/li>\n<\/ul>\n<\/li>\n<\/ul>\n<p>&nbsp;<\/p>\n","protected":false},"excerpt":{"rendered":"<p>Tesis doctoral de Jos\u00e9 Manuel Rodriguez Victoriano Se analizan los discursos en torno al medioambiente en la sociedad Valenciana en [&hellip;]<\/p>\n","protected":false},"author":1,"featured_media":0,"comment_status":"open","ping_status":"open","sticky":false,"template":"","format":"standard","meta":{"site-sidebar-layout":"default","site-content-layout":"","ast-site-content-layout":"","site-content-style":"default","site-sidebar-style":"default","ast-global-header-display":"","ast-banner-title-visibility":"","ast-main-header-display":"","ast-hfb-above-header-display":"","ast-hfb-below-header-display":"","ast-hfb-mobile-header-display":"","site-post-title":"","ast-breadcrumbs-content":"","ast-featured-img":"","footer-sml-layout":"","theme-transparent-header-meta":"","adv-header-id-meta":"","stick-header-meta":"","header-above-stick-meta":"","header-main-stick-meta":"","header-below-stick-meta":"","astra-migrate-meta-layouts":"default","ast-page-background-enabled":"default","ast-page-background-meta":{"desktop":{"background-color":"var(--ast-global-color-4)","background-image":"","background-repeat":"repeat","background-position":"center center","background-size":"auto","background-attachment":"scroll","background-type":"","background-media":"","overlay-type":"","overlay-color":"","overlay-gradient":""},"tablet":{"background-color":"","background-image":"","background-repeat":"repeat","background-position":"center center","background-size":"auto","background-attachment":"scroll","background-type":"","background-media":"","overlay-type":"","overlay-color":"","overlay-gradient":""},"mobile":{"background-color":"","background-image":"","background-repeat":"repeat","background-position":"center center","background-size":"auto","background-attachment":"scroll","background-type":"","background-media":"","overlay-type":"","overlay-color":"","overlay-gradient":""}},"ast-content-background-meta":{"desktop":{"background-color":"var(--ast-global-color-5)","background-image":"","background-repeat":"repeat","background-position":"center center","background-size":"auto","background-attachment":"scroll","background-type":"","background-media":"","overlay-type":"","overlay-color":"","overlay-gradient":""},"tablet":{"background-color":"var(--ast-global-color-5)","background-image":"","background-repeat":"repeat","background-position":"center center","background-size":"auto","background-attachment":"scroll","background-type":"","background-media":"","overlay-type":"","overlay-color":"","overlay-gradient":""},"mobile":{"background-color":"var(--ast-global-color-5)","background-image":"","background-repeat":"repeat","background-position":"center center","background-size":"auto","background-attachment":"scroll","background-type":"","background-media":"","overlay-type":"","overlay-color":"","overlay-gradient":""}},"footnotes":""},"categories":[5538,269,4651,20418,270],"tags":[14190,45196,45197,45194,4645,45195],"class_list":["post-13987","post","type-post","status-publish","format-standard","hentry","category-metodologia-sociologica","category-sociologia","category-sociologia-de-los-asentamientos-humanos","category-sociologia-ecologica","category-sociologia-general","tag-ernest-garcia-garcia","tag-javier-callejo-gallego","tag-jorge-reichman-fernandez","tag-jose-manuel-rodriguez-victoriano","tag-luis-enrique-alonso-benito","tag-marques-gonzalez-josep-vicente"],"_links":{"self":[{"href":"https:\/\/www.deberes.net\/tesis\/wp-json\/wp\/v2\/posts\/13987","targetHints":{"allow":["GET"]}}],"collection":[{"href":"https:\/\/www.deberes.net\/tesis\/wp-json\/wp\/v2\/posts"}],"about":[{"href":"https:\/\/www.deberes.net\/tesis\/wp-json\/wp\/v2\/types\/post"}],"author":[{"embeddable":true,"href":"https:\/\/www.deberes.net\/tesis\/wp-json\/wp\/v2\/users\/1"}],"replies":[{"embeddable":true,"href":"https:\/\/www.deberes.net\/tesis\/wp-json\/wp\/v2\/comments?post=13987"}],"version-history":[{"count":0,"href":"https:\/\/www.deberes.net\/tesis\/wp-json\/wp\/v2\/posts\/13987\/revisions"}],"wp:attachment":[{"href":"https:\/\/www.deberes.net\/tesis\/wp-json\/wp\/v2\/media?parent=13987"}],"wp:term":[{"taxonomy":"category","embeddable":true,"href":"https:\/\/www.deberes.net\/tesis\/wp-json\/wp\/v2\/categories?post=13987"},{"taxonomy":"post_tag","embeddable":true,"href":"https:\/\/www.deberes.net\/tesis\/wp-json\/wp\/v2\/tags?post=13987"}],"curies":[{"name":"wp","href":"https:\/\/api.w.org\/{rel}","templated":true}]}}