{"id":139932,"date":"2026-01-12T17:50:10","date_gmt":"2026-01-12T17:50:10","guid":{"rendered":"https:\/\/www.deberes.net\/tesis\/sin-categoria\/contribucion-al-estudio-de-lentes-de-rotman-en-tecnologia-microcinta\/"},"modified":"2026-01-12T17:50:10","modified_gmt":"2026-01-12T17:50:10","slug":"contribucion-al-estudio-de-lentes-de-rotman-en-tecnologia-microcinta","status":"publish","type":"post","link":"https:\/\/www.deberes.net\/tesis\/fisica\/contribucion-al-estudio-de-lentes-de-rotman-en-tecnologia-microcinta\/","title":{"rendered":"Contribucion al estudio de lentes de rotman en tecnolog\u00eda microcinta"},"content":{"rendered":"<h2>Tesis doctoral de <strong>  Cruz Mu\u00f1oz Jos\u00e9 Luis <\/strong><\/h2>\n<p>El trabajo supone una sistematizacion del tratamiento optico de la lente de rotman, el estudio optico se complementa con un modelo electromagnetico para completar los aspectos en que el primero resulta deficitario y se verifica experimentalmente mediante las lentes de rotman que se han fabricado. Se recoge un estudio sobre la geometria de la lente mediante consideraciones opticas, un estudio de los efectos de las puertas extensas en las prestaciones de fase y de amplitud y un modelo para evaluar el comportamiento de la lente en recepcion. Se evaluan los campos radiados por una bocina microcinta en una region de planos metalicos paralelos, el calculo permite evaluar los centros de fases de los radiadores y la admitancia de carga de su abertura. Se calcula el coeficiente de reflexion de las transiciones continuas en funcion de su perfil y dimensiones.  las teorias se verifican mediante medidas en el dominio del tiempo de reflexion y transmision. Medidas globales en transmision (sin dominio del tiempo) permiten obtener los diagramas de radiacion y el comportamiento de la lente en recepcion.<\/p>\n<p>&nbsp;<\/p>\n<h3>Datos acad\u00e9micos de la tesis doctoral \u00ab<strong>Contribucion al estudio de lentes de rotman en tecnolog\u00eda microcinta<\/strong>\u00ab<\/h3>\n<ul>\n<li><strong>T\u00edtulo de la tesis:<\/strong>\u00a0 Contribucion al estudio de lentes de rotman en tecnolog\u00eda microcinta <\/li>\n<li><strong>Autor:<\/strong>\u00a0  Cruz Mu\u00f1oz Jos\u00e9 Luis <\/li>\n<li><strong>Universidad:<\/strong>\u00a0 Universitat de val\u00e9ncia (estudi general)<\/li>\n<li><strong>Fecha de lectura de la tesis:<\/strong>\u00a0 01\/01\/1992<\/li>\n<\/ul>\n<p>&nbsp;<\/p>\n<h3>Direcci\u00f3n y tribunal<\/h3>\n<ul>\n<li><strong>Director de la tesis<\/strong>\n<ul>\n<li>Vicente Such Belenguer<\/li>\n<\/ul>\n<\/li>\n<li><strong>Tribunal<\/strong>\n<ul>\n<li>Presidente del tribunal: Francisco Pomer Murgui <\/li>\n<li>Jos\u00e9 Luis Besada Sanmart\u00edn (vocal)<\/li>\n<li> Sebastian Franco Jos\u00e9 Luis (vocal)<\/li>\n<li>Carlos Ferreira Garcia (vocal)<\/li>\n<\/ul>\n<\/li>\n<\/ul>\n<p>&nbsp;<\/p>\n","protected":false},"excerpt":{"rendered":"<p>Tesis doctoral de Cruz Mu\u00f1oz Jos\u00e9 Luis El trabajo supone una sistematizacion del tratamiento optico de la lente de rotman, [&hellip;]<\/p>\n","protected":false},"author":1,"featured_media":0,"comment_status":"open","ping_status":"open","sticky":false,"template":"","format":"standard","meta":{"site-sidebar-layout":"default","site-content-layout":"","ast-site-content-layout":"","site-content-style":"default","site-sidebar-style":"default","ast-global-header-display":"","ast-banner-title-visibility":"","ast-main-header-display":"","ast-hfb-above-header-display":"","ast-hfb-below-header-display":"","ast-hfb-mobile-header-display":"","site-post-title":"","ast-breadcrumbs-content":"","ast-featured-img":"","footer-sml-layout":"","theme-transparent-header-meta":"","adv-header-id-meta":"","stick-header-meta":"","header-above-stick-meta":"","header-main-stick-meta":"","header-below-stick-meta":"","astra-migrate-meta-layouts":"default","ast-page-background-enabled":"default","ast-page-background-meta":{"desktop":{"background-color":"var(--ast-global-color-4)","background-image":"","background-repeat":"repeat","background-position":"center center","background-size":"auto","background-attachment":"scroll","background-type":"","background-media":"","overlay-type":"","overlay-color":"","overlay-gradient":""},"tablet":{"background-color":"","background-image":"","background-repeat":"repeat","background-position":"center center","background-size":"auto","background-attachment":"scroll","background-type":"","background-media":"","overlay-type":"","overlay-color":"","overlay-gradient":""},"mobile":{"background-color":"","background-image":"","background-repeat":"repeat","background-position":"center center","background-size":"auto","background-attachment":"scroll","background-type":"","background-media":"","overlay-type":"","overlay-color":"","overlay-gradient":""}},"ast-content-background-meta":{"desktop":{"background-color":"var(--ast-global-color-5)","background-image":"","background-repeat":"repeat","background-position":"center center","background-size":"auto","background-attachment":"scroll","background-type":"","background-media":"","overlay-type":"","overlay-color":"","overlay-gradient":""},"tablet":{"background-color":"var(--ast-global-color-5)","background-image":"","background-repeat":"repeat","background-position":"center center","background-size":"auto","background-attachment":"scroll","background-type":"","background-media":"","overlay-type":"","overlay-color":"","overlay-gradient":""},"mobile":{"background-color":"var(--ast-global-color-5)","background-image":"","background-repeat":"repeat","background-position":"center center","background-size":"auto","background-attachment":"scroll","background-type":"","background-media":"","overlay-type":"","overlay-color":"","overlay-gradient":""}},"footnotes":""},"categories":[332,16261,987,199,16845,3706],"tags":[11734,97598,173253,30347,37410,21997],"class_list":["post-139932","post","type-post","status-publish","format-standard","hentry","category-ciencias-tecnologicas","category-dispositivos-de-microondas","category-electromagnetismo","category-fisica","category-ondas-electromagneticas","category-tecnologia-electronica","tag-carlos-ferreira-garcia","tag-cruz-munoz-jose-luis","tag-francisco-pomer-murgui","tag-jose-luis-besada-sanmartin","tag-sebastian-franco-jose-luis","tag-vicente-such-belenguer"],"_links":{"self":[{"href":"https:\/\/www.deberes.net\/tesis\/wp-json\/wp\/v2\/posts\/139932","targetHints":{"allow":["GET"]}}],"collection":[{"href":"https:\/\/www.deberes.net\/tesis\/wp-json\/wp\/v2\/posts"}],"about":[{"href":"https:\/\/www.deberes.net\/tesis\/wp-json\/wp\/v2\/types\/post"}],"author":[{"embeddable":true,"href":"https:\/\/www.deberes.net\/tesis\/wp-json\/wp\/v2\/users\/1"}],"replies":[{"embeddable":true,"href":"https:\/\/www.deberes.net\/tesis\/wp-json\/wp\/v2\/comments?post=139932"}],"version-history":[{"count":0,"href":"https:\/\/www.deberes.net\/tesis\/wp-json\/wp\/v2\/posts\/139932\/revisions"}],"wp:attachment":[{"href":"https:\/\/www.deberes.net\/tesis\/wp-json\/wp\/v2\/media?parent=139932"}],"wp:term":[{"taxonomy":"category","embeddable":true,"href":"https:\/\/www.deberes.net\/tesis\/wp-json\/wp\/v2\/categories?post=139932"},{"taxonomy":"post_tag","embeddable":true,"href":"https:\/\/www.deberes.net\/tesis\/wp-json\/wp\/v2\/tags?post=139932"}],"curies":[{"name":"wp","href":"https:\/\/api.w.org\/{rel}","templated":true}]}}