{"id":139960,"date":"2026-01-12T17:50:22","date_gmt":"2026-01-12T17:50:22","guid":{"rendered":"https:\/\/www.deberes.net\/tesis\/sin-categoria\/formaciones-prefijales-en-espanol-morfologia-derivativa-del-verbo\/"},"modified":"2026-01-12T17:50:22","modified_gmt":"2026-01-12T17:50:22","slug":"formaciones-prefijales-en-espanol-morfologia-derivativa-del-verbo","status":"publish","type":"post","link":"https:\/\/www.deberes.net\/tesis\/linguistica\/formaciones-prefijales-en-espanol-morfologia-derivativa-del-verbo\/","title":{"rendered":"Formaciones prefijales en espa\u00f1ol: morfolog\u00eda derivativa del verbo."},"content":{"rendered":"<h2>Tesis doctoral de <strong>  Garcia Medall Villanueva Joaquin Amadeo <\/strong><\/h2>\n<p>La tesis que se defiende parte de la necesidad de elaborar una morfolog\u00eda funcional e integrada para la derivacion en espa\u00f1ol. El analisis de los distintos metodos morfologicos intenta poner de manifiesto la inadecuacion parcial de cada uno de ellos a los distintos subcomponentes de cada tipo de morfolog\u00eda. Se intenta establecer asi el funcionamiento de las distintas reglas de formacion de palabras con la intencion expresa de no olvidar la interrelacion con el resto de los componentes de la gramatica. Dentro de la morfolog\u00eda derivativa es el verbo aquella categoria de palabras que resulta especialmente investigada debido a su posicion de conector proposicional en los enunciados de esta lengua.  con esta finalidad se investigan las relaciones entre la pragmatica y la morfolog\u00eda, la sintaxis y la morfolog\u00eda y la semantica de la localizacion espacial y temporal en conexion con el componente morfologico. La conclusion tal vez mas significativa es que todos estos componentes gramaticales intervienen en la produccion de las reglas de formacion de palabras, pero en distinto grado, que es proporcional a la intervencion del resto de los componentes.<\/p>\n<p>&nbsp;<\/p>\n<h3>Datos acad\u00e9micos de la tesis doctoral \u00ab<strong>Formaciones prefijales en espa\u00f1ol: morfolog\u00eda derivativa del verbo.<\/strong>\u00ab<\/h3>\n<ul>\n<li><strong>T\u00edtulo de la tesis:<\/strong>\u00a0 Formaciones prefijales en espa\u00f1ol: morfolog\u00eda derivativa del verbo. <\/li>\n<li><strong>Autor:<\/strong>\u00a0  Garcia Medall Villanueva Joaquin Amadeo <\/li>\n<li><strong>Universidad:<\/strong>\u00a0 Universitat de val\u00e9ncia (estudi general)<\/li>\n<li><strong>Fecha de lectura de la tesis:<\/strong>\u00a0 01\/01\/1992<\/li>\n<\/ul>\n<p>&nbsp;<\/p>\n<h3>Direcci\u00f3n y tribunal<\/h3>\n<ul>\n<li><strong>Director de la tesis<\/strong>\n<ul>\n<li>Emilio Ridruejo Alonso<\/li>\n<\/ul>\n<\/li>\n<li><strong>Tribunal<\/strong>\n<ul>\n<li>Presidente del tribunal: \u00e1ngel L\u00f3pez Garc\u00eda-molins <\/li>\n<li>Ignacio Bosque (vocal)<\/li>\n<li> Echenique Elizondo M. Teresa (vocal)<\/li>\n<li> Martin Zorraquino M. Antonia (vocal)<\/li>\n<\/ul>\n<\/li>\n<\/ul>\n<p>&nbsp;<\/p>\n","protected":false},"excerpt":{"rendered":"<p>Tesis doctoral de Garcia Medall Villanueva Joaquin Amadeo La tesis que se defiende parte de la necesidad de elaborar una [&hellip;]<\/p>\n","protected":false},"author":1,"featured_media":0,"comment_status":"open","ping_status":"open","sticky":false,"template":"","format":"standard","meta":{"site-sidebar-layout":"default","site-content-layout":"","ast-site-content-layout":"","site-content-style":"default","site-sidebar-style":"default","ast-global-header-display":"","ast-banner-title-visibility":"","ast-main-header-display":"","ast-hfb-above-header-display":"","ast-hfb-below-header-display":"","ast-hfb-mobile-header-display":"","site-post-title":"","ast-breadcrumbs-content":"","ast-featured-img":"","footer-sml-layout":"","theme-transparent-header-meta":"","adv-header-id-meta":"","stick-header-meta":"","header-above-stick-meta":"","header-main-stick-meta":"","header-below-stick-meta":"","astra-migrate-meta-layouts":"default","ast-page-background-enabled":"default","ast-page-background-meta":{"desktop":{"background-color":"var(--ast-global-color-4)","background-image":"","background-repeat":"repeat","background-position":"center center","background-size":"auto","background-attachment":"scroll","background-type":"","background-media":"","overlay-type":"","overlay-color":"","overlay-gradient":""},"tablet":{"background-color":"","background-image":"","background-repeat":"repeat","background-position":"center center","background-size":"auto","background-attachment":"scroll","background-type":"","background-media":"","overlay-type":"","overlay-color":"","overlay-gradient":""},"mobile":{"background-color":"","background-image":"","background-repeat":"repeat","background-position":"center center","background-size":"auto","background-attachment":"scroll","background-type":"","background-media":"","overlay-type":"","overlay-color":"","overlay-gradient":""}},"ast-content-background-meta":{"desktop":{"background-color":"var(--ast-global-color-5)","background-image":"","background-repeat":"repeat","background-position":"center center","background-size":"auto","background-attachment":"scroll","background-type":"","background-media":"","overlay-type":"","overlay-color":"","overlay-gradient":""},"tablet":{"background-color":"var(--ast-global-color-5)","background-image":"","background-repeat":"repeat","background-position":"center center","background-size":"auto","background-attachment":"scroll","background-type":"","background-media":"","overlay-type":"","overlay-color":"","overlay-gradient":""},"mobile":{"background-color":"var(--ast-global-color-5)","background-image":"","background-repeat":"repeat","background-position":"center center","background-size":"auto","background-attachment":"scroll","background-type":"","background-media":"","overlay-type":"","overlay-color":"","overlay-gradient":""}},"footnotes":""},"categories":[59,62,409],"tags":[43585,12253,12598,254509,172797,21580],"class_list":["post-139960","post","type-post","status-publish","format-standard","hentry","category-linguistica","category-linguistica-sincronica","category-sintaxis-y-analisis-sintactico","tag-angel-lopez-garcia-molins","tag-echenique-elizondo-m-teresa","tag-emilio-ridruejo-alonso","tag-garcia-medall-villanueva-joaquin-amadeo","tag-ignacio-bosque","tag-martin-zorraquino-m-antonia"],"_links":{"self":[{"href":"https:\/\/www.deberes.net\/tesis\/wp-json\/wp\/v2\/posts\/139960","targetHints":{"allow":["GET"]}}],"collection":[{"href":"https:\/\/www.deberes.net\/tesis\/wp-json\/wp\/v2\/posts"}],"about":[{"href":"https:\/\/www.deberes.net\/tesis\/wp-json\/wp\/v2\/types\/post"}],"author":[{"embeddable":true,"href":"https:\/\/www.deberes.net\/tesis\/wp-json\/wp\/v2\/users\/1"}],"replies":[{"embeddable":true,"href":"https:\/\/www.deberes.net\/tesis\/wp-json\/wp\/v2\/comments?post=139960"}],"version-history":[{"count":0,"href":"https:\/\/www.deberes.net\/tesis\/wp-json\/wp\/v2\/posts\/139960\/revisions"}],"wp:attachment":[{"href":"https:\/\/www.deberes.net\/tesis\/wp-json\/wp\/v2\/media?parent=139960"}],"wp:term":[{"taxonomy":"category","embeddable":true,"href":"https:\/\/www.deberes.net\/tesis\/wp-json\/wp\/v2\/categories?post=139960"},{"taxonomy":"post_tag","embeddable":true,"href":"https:\/\/www.deberes.net\/tesis\/wp-json\/wp\/v2\/tags?post=139960"}],"curies":[{"name":"wp","href":"https:\/\/api.w.org\/{rel}","templated":true}]}}