{"id":140088,"date":"2026-01-12T17:51:31","date_gmt":"2026-01-12T17:51:31","guid":{"rendered":"https:\/\/www.deberes.net\/tesis\/sin-categoria\/salud-escolar-analisis-descriptivo-e-implicaciones\/"},"modified":"2026-01-12T17:51:31","modified_gmt":"2026-01-12T17:51:31","slug":"salud-escolar-analisis-descriptivo-e-implicaciones","status":"publish","type":"post","link":"https:\/\/www.deberes.net\/tesis\/psicologia\/salud-escolar-analisis-descriptivo-e-implicaciones\/","title":{"rendered":"\u00absalud escolar: analisis descriptivo e implicaciones\u00bb."},"content":{"rendered":"<h2>Tesis doctoral de <strong> Luisa Ruano Casado <\/strong><\/h2>\n<p>Partimos del marco teorico de la psicolog\u00eda ambiental y de la salud y proponemos el modelo biopsicosocial y ecologico. Desde esta perspectiva, entendemos que la salud escolar debe ser entendida dentro de una politica global de promocion de la salud. El objetivo planteado es el analisis descriptivo del contexto escolar de un colegio publico de preescolar y e.G.B. Material y metodo:  la muestra esta formada por 165 ni\u00f1os (56,4% ni\u00f1os y el 43,6% ni\u00f1as). Los instrumentos de medida son:  cuestionario higienico-sanitario del centro; cuestionario de informacion de los profesores sobre los alumnos; cuestionarios sobre las caracteristicas generales de la familia y cuestionario de informacion familiar sobre cada hijo; test de inteligencia general (otis sencillo); tamai y cuestionario de adaptacion para adolescentes de bell; balance psicomotor de picq-vayer y examen fisico.  resultados: se ha observado que las caracteristicas del centro son muy deficientes, y que en las variables biomedicas, psicologicas, de rendimiento escolar, estan alteradas en una elevada proporcion. El nivel sociocultural de los padres es muy bajo. Conclusiones:  para promocionar la salud de los ni\u00f1os y en consecuencia prevenir alteraciones biologicas y problemas sociales en la edad adulta, es necesario llevar a cabo politicas sectoriales y distribuir los recursos segun las necesidades de la poblacion.<\/p>\n<p>&nbsp;<\/p>\n<h3>Datos acad\u00e9micos de la tesis doctoral \u00ab<strong>\u00absalud escolar: analisis descriptivo e implicaciones\u00bb.<\/strong>\u00ab<\/h3>\n<ul>\n<li><strong>T\u00edtulo de la tesis:<\/strong>\u00a0 \u00absalud escolar: analisis descriptivo e implicaciones\u00bb. <\/li>\n<li><strong>Autor:<\/strong>\u00a0 Luisa Ruano Casado <\/li>\n<li><strong>Universidad:<\/strong>\u00a0 Universitat de val\u00e9ncia (estudi general)<\/li>\n<li><strong>Fecha de lectura de la tesis:<\/strong>\u00a0 01\/01\/1992<\/li>\n<\/ul>\n<p>&nbsp;<\/p>\n<h3>Direcci\u00f3n y tribunal<\/h3>\n<ul>\n<li><strong>Director de la tesis<\/strong>\n<ul>\n<li>Amparo Belloch Fuster<\/li>\n<\/ul>\n<\/li>\n<li><strong>Tribunal<\/strong>\n<ul>\n<li>Presidente del tribunal: Joaquin Sala Franco <\/li>\n<li>Bonifacio Sandin (vocal)<\/li>\n<li>Francisco Donat Colomer (vocal)<\/li>\n<li> Ruiz Cantero Mar\u00eda  Teresa (vocal)<\/li>\n<\/ul>\n<\/li>\n<\/ul>\n<p>&nbsp;<\/p>\n","protected":false},"excerpt":{"rendered":"<p>Tesis doctoral de Luisa Ruano Casado Partimos del marco teorico de la psicolog\u00eda ambiental y de la salud y proponemos [&hellip;]<\/p>\n","protected":false},"author":1,"featured_media":0,"comment_status":"open","ping_status":"open","sticky":false,"template":"","format":"standard","meta":{"site-sidebar-layout":"default","site-content-layout":"","ast-site-content-layout":"","site-content-style":"default","site-sidebar-style":"default","ast-global-header-display":"","ast-banner-title-visibility":"","ast-main-header-display":"","ast-hfb-above-header-display":"","ast-hfb-below-header-display":"","ast-hfb-mobile-header-display":"","site-post-title":"","ast-breadcrumbs-content":"","ast-featured-img":"","footer-sml-layout":"","theme-transparent-header-meta":"","adv-header-id-meta":"","stick-header-meta":"","header-above-stick-meta":"","header-main-stick-meta":"","header-below-stick-meta":"","astra-migrate-meta-layouts":"default","ast-page-background-enabled":"default","ast-page-background-meta":{"desktop":{"background-color":"var(--ast-global-color-4)","background-image":"","background-repeat":"repeat","background-position":"center center","background-size":"auto","background-attachment":"scroll","background-type":"","background-media":"","overlay-type":"","overlay-color":"","overlay-gradient":""},"tablet":{"background-color":"","background-image":"","background-repeat":"repeat","background-position":"center center","background-size":"auto","background-attachment":"scroll","background-type":"","background-media":"","overlay-type":"","overlay-color":"","overlay-gradient":""},"mobile":{"background-color":"","background-image":"","background-repeat":"repeat","background-position":"center center","background-size":"auto","background-attachment":"scroll","background-type":"","background-media":"","overlay-type":"","overlay-color":"","overlay-gradient":""}},"ast-content-background-meta":{"desktop":{"background-color":"var(--ast-global-color-5)","background-image":"","background-repeat":"repeat","background-position":"center center","background-size":"auto","background-attachment":"scroll","background-type":"","background-media":"","overlay-type":"","overlay-color":"","overlay-gradient":""},"tablet":{"background-color":"var(--ast-global-color-5)","background-image":"","background-repeat":"repeat","background-position":"center center","background-size":"auto","background-attachment":"scroll","background-type":"","background-media":"","overlay-type":"","overlay-color":"","overlay-gradient":""},"mobile":{"background-color":"var(--ast-global-color-5)","background-image":"","background-repeat":"repeat","background-position":"center center","background-size":"auto","background-attachment":"scroll","background-type":"","background-media":"","overlay-type":"","overlay-color":"","overlay-gradient":""}},"footnotes":""},"categories":[324,970,460],"tags":[13480,31521,27609,40461,254648,254649],"class_list":["post-140088","post","type-post","status-publish","format-standard","hentry","category-psicologia","category-psicologia-del-nino-y-del-adolescente","category-psicologia-escolar","tag-amparo-belloch-fuster","tag-bonifacio-sandin","tag-francisco-donat-colomer","tag-joaquin-sala-franco","tag-luisa-ruano-casado","tag-ruiz-cantero-maria-teresa"],"_links":{"self":[{"href":"https:\/\/www.deberes.net\/tesis\/wp-json\/wp\/v2\/posts\/140088","targetHints":{"allow":["GET"]}}],"collection":[{"href":"https:\/\/www.deberes.net\/tesis\/wp-json\/wp\/v2\/posts"}],"about":[{"href":"https:\/\/www.deberes.net\/tesis\/wp-json\/wp\/v2\/types\/post"}],"author":[{"embeddable":true,"href":"https:\/\/www.deberes.net\/tesis\/wp-json\/wp\/v2\/users\/1"}],"replies":[{"embeddable":true,"href":"https:\/\/www.deberes.net\/tesis\/wp-json\/wp\/v2\/comments?post=140088"}],"version-history":[{"count":0,"href":"https:\/\/www.deberes.net\/tesis\/wp-json\/wp\/v2\/posts\/140088\/revisions"}],"wp:attachment":[{"href":"https:\/\/www.deberes.net\/tesis\/wp-json\/wp\/v2\/media?parent=140088"}],"wp:term":[{"taxonomy":"category","embeddable":true,"href":"https:\/\/www.deberes.net\/tesis\/wp-json\/wp\/v2\/categories?post=140088"},{"taxonomy":"post_tag","embeddable":true,"href":"https:\/\/www.deberes.net\/tesis\/wp-json\/wp\/v2\/tags?post=140088"}],"curies":[{"name":"wp","href":"https:\/\/api.w.org\/{rel}","templated":true}]}}