{"id":140197,"date":"2026-01-12T17:52:24","date_gmt":"2026-01-12T17:52:24","guid":{"rendered":"https:\/\/www.deberes.net\/tesis\/sin-categoria\/aprovechamiento-ocupacion-y-organizacion-del-espacio-en-los-montes-de-torozos-siglos-x-xiv\/"},"modified":"2026-01-12T17:52:24","modified_gmt":"2026-01-12T17:52:24","slug":"aprovechamiento-ocupacion-y-organizacion-del-espacio-en-los-montes-de-torozos-siglos-x-xiv","status":"publish","type":"post","link":"https:\/\/www.deberes.net\/tesis\/historia\/aprovechamiento-ocupacion-y-organizacion-del-espacio-en-los-montes-de-torozos-siglos-x-xiv\/","title":{"rendered":"Aprovechamiento, ocupacion y organizacion del espacio en los montes de torozos (siglos x-xiv)"},"content":{"rendered":"<h2>Tesis doctoral de <strong>  Reglero De La Fuente Carlos Manuel <\/strong><\/h2>\n<p>La tesis estudia la relacion de la sociedad castellana medieval con su espacio en una comarca de la cuenca del duero entre los siglos x y xiv. El primer capitulo analiza el medio fisico y la evolucion del poblamiento hasta el siglo x, con especial incidencia en el problema de la despoblacion. El segundo se centra en los principales aspectos de la expansion economica entre los siglos x-xiii (demografico, agricola, ganadero, artesanal y comercial), asi como en los efectos de la crisis bajomedieval. En el tercero se aborda el proceso de ocupacion del espacio, la progresiva jerarquizacion del poblamiento derivada del nacimiento de aldeas y villas, la aparicion de habitats abandonados y la red de poblamiento surgida de ello. Por ultimo se estudia la organizacion del espacio: la organizacion territorial, en la que destaca la profunda division de los alfoces; la organizacion se\u00f1orial, donde se reconstruyen los se\u00f1orios de la epoca; la organizacion eclesiastica, vista a traves del surgimiento de los obispados y las parroquias.<\/p>\n<p>&nbsp;<\/p>\n<h3>Datos acad\u00e9micos de la tesis doctoral \u00ab<strong>Aprovechamiento, ocupacion y organizacion del espacio en los montes de torozos (siglos x-xiv)<\/strong>\u00ab<\/h3>\n<ul>\n<li><strong>T\u00edtulo de la tesis:<\/strong>\u00a0 Aprovechamiento, ocupacion y organizacion del espacio en los montes de torozos (siglos x-xiv) <\/li>\n<li><strong>Autor:<\/strong>\u00a0  Reglero De La Fuente Carlos Manuel <\/li>\n<li><strong>Universidad:<\/strong>\u00a0 Valladolid<\/li>\n<li><strong>Fecha de lectura de la tesis:<\/strong>\u00a0 01\/01\/1992<\/li>\n<\/ul>\n<p>&nbsp;<\/p>\n<h3>Direcci\u00f3n y tribunal<\/h3>\n<ul>\n<li><strong>Director de la tesis<\/strong>\n<ul>\n<li>Julio Valde\u00f3n Baruque<\/li>\n<\/ul>\n<\/li>\n<li><strong>Tribunal<\/strong>\n<ul>\n<li>Presidente del tribunal: Jose Ortega Valcarcel <\/li>\n<li>Jos\u00e9 Mar\u00eda M\u00ednguez Fern\u00e1ndez (vocal)<\/li>\n<li>Carlos Estepa Diez (vocal)<\/li>\n<li>Angel Salvador Barrios Garc\u00eda (vocal)<\/li>\n<\/ul>\n<\/li>\n<\/ul>\n<p>&nbsp;<\/p>\n","protected":false},"excerpt":{"rendered":"<p>Tesis doctoral de Reglero De La Fuente Carlos Manuel La tesis estudia la relacion de la sociedad castellana medieval con [&hellip;]<\/p>\n","protected":false},"author":1,"featured_media":0,"comment_status":"open","ping_status":"open","sticky":false,"template":"","format":"standard","meta":{"site-sidebar-layout":"default","site-content-layout":"","ast-site-content-layout":"","site-content-style":"default","site-sidebar-style":"default","ast-global-header-display":"","ast-banner-title-visibility":"","ast-main-header-display":"","ast-hfb-above-header-display":"","ast-hfb-below-header-display":"","ast-hfb-mobile-header-display":"","site-post-title":"","ast-breadcrumbs-content":"","ast-featured-img":"","footer-sml-layout":"","theme-transparent-header-meta":"","adv-header-id-meta":"","stick-header-meta":"","header-above-stick-meta":"","header-main-stick-meta":"","header-below-stick-meta":"","astra-migrate-meta-layouts":"default","ast-page-background-enabled":"default","ast-page-background-meta":{"desktop":{"background-color":"var(--ast-global-color-4)","background-image":"","background-repeat":"repeat","background-position":"center center","background-size":"auto","background-attachment":"scroll","background-type":"","background-media":"","overlay-type":"","overlay-color":"","overlay-gradient":""},"tablet":{"background-color":"","background-image":"","background-repeat":"repeat","background-position":"center center","background-size":"auto","background-attachment":"scroll","background-type":"","background-media":"","overlay-type":"","overlay-color":"","overlay-gradient":""},"mobile":{"background-color":"","background-image":"","background-repeat":"repeat","background-position":"center center","background-size":"auto","background-attachment":"scroll","background-type":"","background-media":"","overlay-type":"","overlay-color":"","overlay-gradient":""}},"ast-content-background-meta":{"desktop":{"background-color":"var(--ast-global-color-5)","background-image":"","background-repeat":"repeat","background-position":"center center","background-size":"auto","background-attachment":"scroll","background-type":"","background-media":"","overlay-type":"","overlay-color":"","overlay-gradient":""},"tablet":{"background-color":"var(--ast-global-color-5)","background-image":"","background-repeat":"repeat","background-position":"center center","background-size":"auto","background-attachment":"scroll","background-type":"","background-media":"","overlay-type":"","overlay-color":"","overlay-gradient":""},"mobile":{"background-color":"var(--ast-global-color-5)","background-image":"","background-repeat":"repeat","background-position":"center center","background-size":"auto","background-attachment":"scroll","background-type":"","background-media":"","overlay-type":"","overlay-color":"","overlay-gradient":""}},"footnotes":""},"categories":[104,639,119,220,981,12451],"tags":[7043,5944,28387,12764,12714,123651],"class_list":["post-140197","post","type-post","status-publish","format-standard","hentry","category-historia","category-historia-de-paises","category-historia-medieval","category-historia-por-epocas","category-historia-regional","category-valladolid","tag-angel-salvador-barrios-garcia","tag-carlos-estepa-diez","tag-jose-maria-minguez-fernandez","tag-jose-ortega-valcarcel","tag-julio-valdeon-baruque","tag-reglero-de-la-fuente-carlos-manuel"],"_links":{"self":[{"href":"https:\/\/www.deberes.net\/tesis\/wp-json\/wp\/v2\/posts\/140197","targetHints":{"allow":["GET"]}}],"collection":[{"href":"https:\/\/www.deberes.net\/tesis\/wp-json\/wp\/v2\/posts"}],"about":[{"href":"https:\/\/www.deberes.net\/tesis\/wp-json\/wp\/v2\/types\/post"}],"author":[{"embeddable":true,"href":"https:\/\/www.deberes.net\/tesis\/wp-json\/wp\/v2\/users\/1"}],"replies":[{"embeddable":true,"href":"https:\/\/www.deberes.net\/tesis\/wp-json\/wp\/v2\/comments?post=140197"}],"version-history":[{"count":0,"href":"https:\/\/www.deberes.net\/tesis\/wp-json\/wp\/v2\/posts\/140197\/revisions"}],"wp:attachment":[{"href":"https:\/\/www.deberes.net\/tesis\/wp-json\/wp\/v2\/media?parent=140197"}],"wp:term":[{"taxonomy":"category","embeddable":true,"href":"https:\/\/www.deberes.net\/tesis\/wp-json\/wp\/v2\/categories?post=140197"},{"taxonomy":"post_tag","embeddable":true,"href":"https:\/\/www.deberes.net\/tesis\/wp-json\/wp\/v2\/tags?post=140197"}],"curies":[{"name":"wp","href":"https:\/\/api.w.org\/{rel}","templated":true}]}}