{"id":140205,"date":"2026-01-12T17:52:26","date_gmt":"2026-01-12T17:52:26","guid":{"rendered":"https:\/\/www.deberes.net\/tesis\/sin-categoria\/flujos-migratorios-interregionales-y-mercado-de-trabajo\/"},"modified":"2026-01-12T17:52:26","modified_gmt":"2026-01-12T17:52:26","slug":"flujos-migratorios-interregionales-y-mercado-de-trabajo","status":"publish","type":"post","link":"https:\/\/www.deberes.net\/tesis\/ciencias-economicas\/flujos-migratorios-interregionales-y-mercado-de-trabajo\/","title":{"rendered":"Flujos migratorios interregionales y mercado de trabajo"},"content":{"rendered":"<h2>Tesis doctoral de <strong> Rafael Santiago Hernando <\/strong><\/h2>\n<p>Concebida inicialmente como un estudio sobre los flujos migratorios interregionales, esta tesis -que mantiene esa idea original- es un estudio mas amplio sobre el mercado de trabajo. El objetivo principal es elaborar un modelo que permita explicar de forma simultanea la interaccion entre flujos migratorios, salarios y desempleo.  en los diversos capitulos de la tesis se exponen las bases teoricas de la teoria de los flujos migratorios, se plantea y se estima un modelo con datos de la economia espa\u00f1ola correspondientes al periodo 1964-1986, y se llevan a cabo algunos ejercicios de simulacion en distintos \u00abescenarios\u00bb hipoteticos.<\/p>\n<p>&nbsp;<\/p>\n<h3>Datos acad\u00e9micos de la tesis doctoral \u00ab<strong>Flujos migratorios interregionales y mercado de trabajo<\/strong>\u00ab<\/h3>\n<ul>\n<li><strong>T\u00edtulo de la tesis:<\/strong>\u00a0 Flujos migratorios interregionales y mercado de trabajo <\/li>\n<li><strong>Autor:<\/strong>\u00a0 Rafael Santiago Hernando <\/li>\n<li><strong>Universidad:<\/strong>\u00a0 Valladolid<\/li>\n<li><strong>Fecha de lectura de la tesis:<\/strong>\u00a0 01\/01\/1992<\/li>\n<\/ul>\n<p>&nbsp;<\/p>\n<h3>Direcci\u00f3n y tribunal<\/h3>\n<ul>\n<li><strong>Director de la tesis<\/strong>\n<ul>\n<li>Jos\u00e9 Miguel Sanchez  Molinero<\/li>\n<\/ul>\n<\/li>\n<li><strong>Tribunal<\/strong>\n<ul>\n<li>Presidente del tribunal:  Del Hoyo Bernat Juan <\/li>\n<li> Gonzalez Gonzalez Jes\u00fas Manuel (vocal)<\/li>\n<li>Rafael Rubio De Urquia (vocal)<\/li>\n<li>Jos\u00e9 Antonio Garc\u00eda Dur\u00e1n De Lara (vocal)<\/li>\n<\/ul>\n<\/li>\n<\/ul>\n<p>&nbsp;<\/p>\n","protected":false},"excerpt":{"rendered":"<p>Tesis doctoral de Rafael Santiago Hernando Concebida inicialmente como un estudio sobre los flujos migratorios interregionales, esta tesis -que mantiene [&hellip;]<\/p>\n","protected":false},"author":1,"featured_media":0,"comment_status":"open","ping_status":"open","sticky":false,"template":"","format":"standard","meta":{"site-sidebar-layout":"default","site-content-layout":"","ast-site-content-layout":"","site-content-style":"default","site-sidebar-style":"default","ast-global-header-display":"","ast-banner-title-visibility":"","ast-main-header-display":"","ast-hfb-above-header-display":"","ast-hfb-below-header-display":"","ast-hfb-mobile-header-display":"","site-post-title":"","ast-breadcrumbs-content":"","ast-featured-img":"","footer-sml-layout":"","theme-transparent-header-meta":"","adv-header-id-meta":"","stick-header-meta":"","header-above-stick-meta":"","header-main-stick-meta":"","header-below-stick-meta":"","astra-migrate-meta-layouts":"default","ast-page-background-enabled":"default","ast-page-background-meta":{"desktop":{"background-color":"var(--ast-global-color-4)","background-image":"","background-repeat":"repeat","background-position":"center center","background-size":"auto","background-attachment":"scroll","background-type":"","background-media":"","overlay-type":"","overlay-color":"","overlay-gradient":""},"tablet":{"background-color":"","background-image":"","background-repeat":"repeat","background-position":"center center","background-size":"auto","background-attachment":"scroll","background-type":"","background-media":"","overlay-type":"","overlay-color":"","overlay-gradient":""},"mobile":{"background-color":"","background-image":"","background-repeat":"repeat","background-position":"center center","background-size":"auto","background-attachment":"scroll","background-type":"","background-media":"","overlay-type":"","overlay-color":"","overlay-gradient":""}},"ast-content-background-meta":{"desktop":{"background-color":"var(--ast-global-color-5)","background-image":"","background-repeat":"repeat","background-position":"center center","background-size":"auto","background-attachment":"scroll","background-type":"","background-media":"","overlay-type":"","overlay-color":"","overlay-gradient":""},"tablet":{"background-color":"var(--ast-global-color-5)","background-image":"","background-repeat":"repeat","background-position":"center center","background-size":"auto","background-attachment":"scroll","background-type":"","background-media":"","overlay-type":"","overlay-color":"","overlay-gradient":""},"mobile":{"background-color":"var(--ast-global-color-5)","background-image":"","background-repeat":"repeat","background-position":"center center","background-size":"auto","background-attachment":"scroll","background-type":"","background-media":"","overlay-type":"","overlay-color":"","overlay-gradient":""}},"footnotes":""},"categories":[82,1066,1353,891,7819,737,12451],"tags":[17187,254774,12680,12787,32383,254773],"class_list":["post-140205","post","type-post","status-publish","format-standard","hentry","category-ciencias-economicas","category-demografia","category-demografia-geografica","category-estudios-de-desarrollo-economico","category-movilidad-y-migraciones-interiores","category-teoria-economica","category-valladolid","tag-del-hoyo-bernat-juan","tag-gonzalez-gonzalez-jesus-manuel","tag-jose-antonio-garcia-duran-de-lara","tag-jose-miguel-sanchez-molinero","tag-rafael-rubio-de-urquia","tag-rafael-santiago-hernando"],"_links":{"self":[{"href":"https:\/\/www.deberes.net\/tesis\/wp-json\/wp\/v2\/posts\/140205","targetHints":{"allow":["GET"]}}],"collection":[{"href":"https:\/\/www.deberes.net\/tesis\/wp-json\/wp\/v2\/posts"}],"about":[{"href":"https:\/\/www.deberes.net\/tesis\/wp-json\/wp\/v2\/types\/post"}],"author":[{"embeddable":true,"href":"https:\/\/www.deberes.net\/tesis\/wp-json\/wp\/v2\/users\/1"}],"replies":[{"embeddable":true,"href":"https:\/\/www.deberes.net\/tesis\/wp-json\/wp\/v2\/comments?post=140205"}],"version-history":[{"count":0,"href":"https:\/\/www.deberes.net\/tesis\/wp-json\/wp\/v2\/posts\/140205\/revisions"}],"wp:attachment":[{"href":"https:\/\/www.deberes.net\/tesis\/wp-json\/wp\/v2\/media?parent=140205"}],"wp:term":[{"taxonomy":"category","embeddable":true,"href":"https:\/\/www.deberes.net\/tesis\/wp-json\/wp\/v2\/categories?post=140205"},{"taxonomy":"post_tag","embeddable":true,"href":"https:\/\/www.deberes.net\/tesis\/wp-json\/wp\/v2\/tags?post=140205"}],"curies":[{"name":"wp","href":"https:\/\/api.w.org\/{rel}","templated":true}]}}