{"id":140277,"date":"2026-01-12T17:53:12","date_gmt":"2026-01-12T17:53:12","guid":{"rendered":"https:\/\/www.deberes.net\/tesis\/sin-categoria\/la-incidencia-de-los-factores-politicos-en-la-instrumentacion-de-la-politica-economica-la-politica-de-rentas\/"},"modified":"2026-01-12T17:53:12","modified_gmt":"2026-01-12T17:53:12","slug":"la-incidencia-de-los-factores-politicos-en-la-instrumentacion-de-la-politica-economica-la-politica-de-rentas","status":"publish","type":"post","link":"https:\/\/www.deberes.net\/tesis\/ciencias-economicas\/la-incidencia-de-los-factores-politicos-en-la-instrumentacion-de-la-politica-economica-la-politica-de-rentas\/","title":{"rendered":"La incidencia de los factores politicos en la instrumentacion de la politica economica: la politica de rentas."},"content":{"rendered":"<h2>Tesis doctoral de <strong> Jes\u00fas Ferreiro Aparicio <\/strong><\/h2>\n<p>La materia objeto de investigacion en la presente tesis doctoral consiste en el estudio de las politicas de rentas desarrolladas en la europa occidental en el periodo posterior a la finalizacion de la segunda guerra mundial. El centro de gravedad de la tesis radica en el conocimiento de las causas que motivan el surgimiento de las politicas de rentas.  la tesis de esta investigacion plantea el que los factores que estan en la raiz de la aplicacion de las politicas de rentas no son factores economicos sino factores politicos: asi, la politica de rentas sera el producto y la consecuencia de un resultado determinado de la lucha de clases, de un concreto equilibrio relativo de fuerzas entre las clases.  a nuestro juicio dicho esquema interpretativo seria igualmente extrapolable al analisis de los restantes instrumentos de intervencion estatal en el escenario economico.<\/p>\n<p>&nbsp;<\/p>\n<h3>Datos acad\u00e9micos de la tesis doctoral \u00ab<strong>La incidencia de los factores politicos en la instrumentacion de la politica economica: la politica de rentas.<\/strong>\u00ab<\/h3>\n<ul>\n<li><strong>T\u00edtulo de la tesis:<\/strong>\u00a0 La incidencia de los factores politicos en la instrumentacion de la politica economica: la politica de rentas. <\/li>\n<li><strong>Autor:<\/strong>\u00a0 Jes\u00fas Ferreiro Aparicio <\/li>\n<li><strong>Universidad:<\/strong>\u00a0 Pa\u00eds vasco\/euskal herriko unibertsitatea<\/li>\n<li><strong>Fecha de lectura de la tesis:<\/strong>\u00a0 01\/01\/1992<\/li>\n<\/ul>\n<p>&nbsp;<\/p>\n<h3>Direcci\u00f3n y tribunal<\/h3>\n<ul>\n<li><strong>Director de la tesis<\/strong>\n<ul>\n<li>Francisco Flores Santamaria<\/li>\n<\/ul>\n<\/li>\n<li><strong>Tribunal<\/strong>\n<ul>\n<li>Presidente del tribunal: Arantza Mendizabal Gorostiaga <\/li>\n<li>Gonzalo Maestro Buelga (vocal)<\/li>\n<li>Jos\u00e9 Mar\u00eda Jord\u00e1n Galduf (vocal)<\/li>\n<li>Isidro Antu\u00f1ano Maruri (vocal)<\/li>\n<\/ul>\n<\/li>\n<\/ul>\n<p>&nbsp;<\/p>\n","protected":false},"excerpt":{"rendered":"<p>Tesis doctoral de Jes\u00fas Ferreiro Aparicio La materia objeto de investigacion en la presente tesis doctoral consiste en el estudio [&hellip;]<\/p>\n","protected":false},"author":1,"featured_media":0,"comment_status":"open","ping_status":"open","sticky":false,"template":"","format":"standard","meta":{"site-sidebar-layout":"default","site-content-layout":"","ast-site-content-layout":"","site-content-style":"default","site-sidebar-style":"default","ast-global-header-display":"","ast-banner-title-visibility":"","ast-main-header-display":"","ast-hfb-above-header-display":"","ast-hfb-below-header-display":"","ast-hfb-mobile-header-display":"","site-post-title":"","ast-breadcrumbs-content":"","ast-featured-img":"","footer-sml-layout":"","theme-transparent-header-meta":"","adv-header-id-meta":"","stick-header-meta":"","header-above-stick-meta":"","header-main-stick-meta":"","header-below-stick-meta":"","astra-migrate-meta-layouts":"default","ast-page-background-enabled":"default","ast-page-background-meta":{"desktop":{"background-color":"var(--ast-global-color-4)","background-image":"","background-repeat":"repeat","background-position":"center center","background-size":"auto","background-attachment":"scroll","background-type":"","background-media":"","overlay-type":"","overlay-color":"","overlay-gradient":""},"tablet":{"background-color":"","background-image":"","background-repeat":"repeat","background-position":"center center","background-size":"auto","background-attachment":"scroll","background-type":"","background-media":"","overlay-type":"","overlay-color":"","overlay-gradient":""},"mobile":{"background-color":"","background-image":"","background-repeat":"repeat","background-position":"center center","background-size":"auto","background-attachment":"scroll","background-type":"","background-media":"","overlay-type":"","overlay-color":"","overlay-gradient":""}},"ast-content-background-meta":{"desktop":{"background-color":"var(--ast-global-color-5)","background-image":"","background-repeat":"repeat","background-position":"center center","background-size":"auto","background-attachment":"scroll","background-type":"","background-media":"","overlay-type":"","overlay-color":"","overlay-gradient":""},"tablet":{"background-color":"var(--ast-global-color-5)","background-image":"","background-repeat":"repeat","background-position":"center center","background-size":"auto","background-attachment":"scroll","background-type":"","background-media":"","overlay-type":"","overlay-color":"","overlay-gradient":""},"mobile":{"background-color":"var(--ast-global-color-5)","background-image":"","background-repeat":"repeat","background-position":"center center","background-size":"auto","background-attachment":"scroll","background-type":"","background-media":"","overlay-type":"","overlay-color":"","overlay-gradient":""}},"footnotes":""},"categories":[772,838,82,12909,15032,839],"tags":[95681,50053,188969,12225,121571,11698],"class_list":["post-140277","post","type-post","status-publish","format-standard","hentry","category-actividad-economica","category-ciencia-politica","category-ciencias-economicas","category-pais-vasco-euskal-herriko-unibertsitatea","category-politica-economica","category-politicas-sectoriales","tag-arantza-mendizabal-gorostiaga","tag-francisco-flores-santamaria","tag-gonzalo-maestro-buelga","tag-isidro-antunano-maruri","tag-jesus-ferreiro-aparicio","tag-jose-maria-jordan-galduf"],"_links":{"self":[{"href":"https:\/\/www.deberes.net\/tesis\/wp-json\/wp\/v2\/posts\/140277","targetHints":{"allow":["GET"]}}],"collection":[{"href":"https:\/\/www.deberes.net\/tesis\/wp-json\/wp\/v2\/posts"}],"about":[{"href":"https:\/\/www.deberes.net\/tesis\/wp-json\/wp\/v2\/types\/post"}],"author":[{"embeddable":true,"href":"https:\/\/www.deberes.net\/tesis\/wp-json\/wp\/v2\/users\/1"}],"replies":[{"embeddable":true,"href":"https:\/\/www.deberes.net\/tesis\/wp-json\/wp\/v2\/comments?post=140277"}],"version-history":[{"count":0,"href":"https:\/\/www.deberes.net\/tesis\/wp-json\/wp\/v2\/posts\/140277\/revisions"}],"wp:attachment":[{"href":"https:\/\/www.deberes.net\/tesis\/wp-json\/wp\/v2\/media?parent=140277"}],"wp:term":[{"taxonomy":"category","embeddable":true,"href":"https:\/\/www.deberes.net\/tesis\/wp-json\/wp\/v2\/categories?post=140277"},{"taxonomy":"post_tag","embeddable":true,"href":"https:\/\/www.deberes.net\/tesis\/wp-json\/wp\/v2\/tags?post=140277"}],"curies":[{"name":"wp","href":"https:\/\/api.w.org\/{rel}","templated":true}]}}