{"id":140340,"date":"2026-01-12T17:53:50","date_gmt":"2026-01-12T17:53:50","guid":{"rendered":"https:\/\/www.deberes.net\/tesis\/sin-categoria\/kolorea-herri-euskaldun-baten\/"},"modified":"2026-01-12T17:53:50","modified_gmt":"2026-01-12T17:53:50","slug":"kolorea-herri-euskaldun-baten","status":"publish","type":"post","link":"https:\/\/www.deberes.net\/tesis\/ciencias-de-las-artes-y-las-letras\/kolorea-herri-euskaldun-baten\/","title":{"rendered":"\u00abkolorea herri euskaldun baten\u00bb"},"content":{"rendered":"<h2>Tesis doctoral de <strong>  Preciaod Saez De Ocariz Jos\u00e9 M. <\/strong><\/h2>\n<p>Es el color tema que se trata en todos los niveles de ense\u00f1anza, a pesar de ello desde el punto de vista cultural llama la atencion la falta de consideracion, especialmente desde el punto de vista vasco. Si bien el como es esa vivenciacion por parte de la cultura vasca no constituye el objetivo de este trabajo, al menos un paso se da por ese camino al estudiar la vivenciacion del color en un pueblo euskaldun.  en ese analisis y teniendo en cuenta la caracteristica de cambio que implica la vivenciacion, se aplica al grupo de jovenes como al de viejos un cuestionario que ha sido preciso elaborar para la ocasion, para comparar posteriormente los resultados de ambos grupos.  los resultados de estas dos generaciones de los extremos podran de manifiesto, entre otras cosas, que esa vivenciacion propia de la cultura vasca se da hoy en dia y la acusada diferencia de comprension del color de estas generaciones.<\/p>\n<p>&nbsp;<\/p>\n<h3>Datos acad\u00e9micos de la tesis doctoral \u00ab<strong>\u00abkolorea herri euskaldun baten\u00bb<\/strong>\u00ab<\/h3>\n<ul>\n<li><strong>T\u00edtulo de la tesis:<\/strong>\u00a0 \u00abkolorea herri euskaldun baten\u00bb <\/li>\n<li><strong>Autor:<\/strong>\u00a0  Preciaod Saez De Ocariz Jos\u00e9 M. <\/li>\n<li><strong>Universidad:<\/strong>\u00a0 Pa\u00eds vasco\/euskal herriko unibertsitatea<\/li>\n<li><strong>Fecha de lectura de la tesis:<\/strong>\u00a0 01\/01\/1992<\/li>\n<\/ul>\n<p>&nbsp;<\/p>\n<h3>Direcci\u00f3n y tribunal<\/h3>\n<ul>\n<li><strong>Director de la tesis<\/strong>\n<ul>\n<li>Rafael Redondo Barba<\/li>\n<\/ul>\n<\/li>\n<li><strong>Tribunal<\/strong>\n<ul>\n<li>Presidente del tribunal:  Tolosa Mar\u00edn Jos\u00e9 Lu\u00eds <\/li>\n<li>Inmaculada Jimenez Huertas (vocal)<\/li>\n<li>Domenec Corbella Llobet (vocal)<\/li>\n<li>Itziar Turrez Agirrezabal (vocal)<\/li>\n<\/ul>\n<\/li>\n<\/ul>\n<p>&nbsp;<\/p>\n","protected":false},"excerpt":{"rendered":"<p>Tesis doctoral de Preciaod Saez De Ocariz Jos\u00e9 M. Es el color tema que se trata en todos los niveles [&hellip;]<\/p>\n","protected":false},"author":1,"featured_media":0,"comment_status":"open","ping_status":"open","sticky":false,"template":"","format":"standard","meta":{"site-sidebar-layout":"default","site-content-layout":"","ast-site-content-layout":"","site-content-style":"default","site-sidebar-style":"default","ast-global-header-display":"","ast-banner-title-visibility":"","ast-main-header-display":"","ast-hfb-above-header-display":"","ast-hfb-below-header-display":"","ast-hfb-mobile-header-display":"","site-post-title":"","ast-breadcrumbs-content":"","ast-featured-img":"","footer-sml-layout":"","theme-transparent-header-meta":"","adv-header-id-meta":"","stick-header-meta":"","header-above-stick-meta":"","header-main-stick-meta":"","header-below-stick-meta":"","astra-migrate-meta-layouts":"default","ast-page-background-enabled":"default","ast-page-background-meta":{"desktop":{"background-color":"var(--ast-global-color-4)","background-image":"","background-repeat":"repeat","background-position":"center center","background-size":"auto","background-attachment":"scroll","background-type":"","background-media":"","overlay-type":"","overlay-color":"","overlay-gradient":""},"tablet":{"background-color":"","background-image":"","background-repeat":"repeat","background-position":"center center","background-size":"auto","background-attachment":"scroll","background-type":"","background-media":"","overlay-type":"","overlay-color":"","overlay-gradient":""},"mobile":{"background-color":"","background-image":"","background-repeat":"repeat","background-position":"center center","background-size":"auto","background-attachment":"scroll","background-type":"","background-media":"","overlay-type":"","overlay-color":"","overlay-gradient":""}},"ast-content-background-meta":{"desktop":{"background-color":"var(--ast-global-color-5)","background-image":"","background-repeat":"repeat","background-position":"center center","background-size":"auto","background-attachment":"scroll","background-type":"","background-media":"","overlay-type":"","overlay-color":"","overlay-gradient":""},"tablet":{"background-color":"var(--ast-global-color-5)","background-image":"","background-repeat":"repeat","background-position":"center center","background-size":"auto","background-attachment":"scroll","background-type":"","background-media":"","overlay-type":"","overlay-color":"","overlay-gradient":""},"mobile":{"background-color":"var(--ast-global-color-5)","background-image":"","background-repeat":"repeat","background-position":"center center","background-size":"auto","background-attachment":"scroll","background-type":"","background-media":"","overlay-type":"","overlay-color":"","overlay-gradient":""}},"footnotes":""},"categories":[147,12909,3806,1111],"tags":[20286,13057,55595,254923,31912,7360],"class_list":["post-140340","post","type-post","status-publish","format-standard","hentry","category-ciencias-de-las-artes-y-las-letras","category-pais-vasco-euskal-herriko-unibertsitatea","category-pintura","category-teoria-analisis-y-critica-de-las-bellas-artes","tag-domenec-corbella-llobet","tag-inmaculada-jimenez-huertas","tag-itziar-turrez-agirrezabal","tag-preciaod-saez-de-ocariz-jose-m","tag-rafael-redondo-barba","tag-tolosa-marin-jose-luis"],"_links":{"self":[{"href":"https:\/\/www.deberes.net\/tesis\/wp-json\/wp\/v2\/posts\/140340","targetHints":{"allow":["GET"]}}],"collection":[{"href":"https:\/\/www.deberes.net\/tesis\/wp-json\/wp\/v2\/posts"}],"about":[{"href":"https:\/\/www.deberes.net\/tesis\/wp-json\/wp\/v2\/types\/post"}],"author":[{"embeddable":true,"href":"https:\/\/www.deberes.net\/tesis\/wp-json\/wp\/v2\/users\/1"}],"replies":[{"embeddable":true,"href":"https:\/\/www.deberes.net\/tesis\/wp-json\/wp\/v2\/comments?post=140340"}],"version-history":[{"count":0,"href":"https:\/\/www.deberes.net\/tesis\/wp-json\/wp\/v2\/posts\/140340\/revisions"}],"wp:attachment":[{"href":"https:\/\/www.deberes.net\/tesis\/wp-json\/wp\/v2\/media?parent=140340"}],"wp:term":[{"taxonomy":"category","embeddable":true,"href":"https:\/\/www.deberes.net\/tesis\/wp-json\/wp\/v2\/categories?post=140340"},{"taxonomy":"post_tag","embeddable":true,"href":"https:\/\/www.deberes.net\/tesis\/wp-json\/wp\/v2\/tags?post=140340"}],"curies":[{"name":"wp","href":"https:\/\/api.w.org\/{rel}","templated":true}]}}