{"id":14061,"date":"2018-03-09T09:00:36","date_gmt":"2018-03-09T09:00:36","guid":{"rendered":"https:\/\/www.deberes.net\/tesis\/sin-categoria\/la-proteccion-del-menor-inmigrante-desde-una-perspectiva-constitucional\/"},"modified":"2018-03-09T09:00:36","modified_gmt":"2018-03-09T09:00:36","slug":"la-proteccion-del-menor-inmigrante-desde-una-perspectiva-constitucional","status":"publish","type":"post","link":"https:\/\/www.deberes.net\/tesis\/ciencias-juridicas-y-derecho\/la-proteccion-del-menor-inmigrante-desde-una-perspectiva-constitucional\/","title":{"rendered":"La protecci\u00f3n del menor inmigrante desde una perspectiva constitucional"},"content":{"rendered":"<h2>Tesis doctoral de <strong> Cristina Elias Mendez <\/strong><\/h2>\n<p>Se estudia la protecci\u00f3n que nuestro ordenamiento juridico presta al menor inmigrante. La protecci\u00f3n del mismo se inscribe y comprende \u00fanicamente desde los par\u00e9mtros de la f\u00f3rmula jur\u00eddico-pol\u00edtica del estado social y democr\u00e1tico de derecho que la constituci\u00f3n espa\u00f1ola de 1978 consagra. Las disposiciones constitucionale relevantes para el sujeto de la investigaci\u00f3n constituyen una base y referencia suficientes par posiblitar una tutela adecuada.  respecto al derecho de la uni\u00f3n europea, el standard de amparo no supone exigencia alguna adicional respecto a nuestro marco constitucional. La legislaci\u00f3n nacional m\u00e1s relevante que afecta al menor de edad imigrante es acorde y respetuosa, en l\u00edneas generales, con el principio constitucional de tuici\u00f3n. Sin embaro, se plantean numerosas difuciones en la pr\u00e1ctica por la falta de voluntad pol\u00edtica.  sin una reglamentaci\u00f3n adecuada y sin financiaci\u00f3n, la protecci\u00f3n constitucional del menor imigrante, inmanente al estado social y democr\u00e1tico de derecho, queda reducida a una mera declaraci\u00f3n de intenciones, socav\u00e1ndose as\u00ed el valor normativo de nuestra carta magna.<\/p>\n<p>&nbsp;<\/p>\n<h3>Datos acad\u00e9micos de la tesis doctoral \u00ab<strong>La protecci\u00f3n del menor inmigrante desde una perspectiva constitucional<\/strong>\u00ab<\/h3>\n<ul>\n<li><strong>T\u00edtulo de la tesis:<\/strong>\u00a0 La protecci\u00f3n del menor inmigrante desde una perspectiva constitucional <\/li>\n<li><strong>Autor:<\/strong>\u00a0 Cristina Elias Mendez <\/li>\n<li><strong>Universidad:<\/strong>\u00a0 Universitat de val\u00e9ncia (estudi general)<\/li>\n<li><strong>Fecha de lectura de la tesis:<\/strong>\u00a0 27\/11\/2001<\/li>\n<\/ul>\n<p>&nbsp;<\/p>\n<h3>Direcci\u00f3n y tribunal<\/h3>\n<ul>\n<li><strong>Director de la tesis<\/strong>\n<ul>\n<li>Remedio Sanchez Ferriz<\/li>\n<\/ul>\n<\/li>\n<li><strong>Tribunal<\/strong>\n<ul>\n<li>Presidente del tribunal: teresa Freixes sanJuan <\/li>\n<li>merc\u00e9 Barcel\u00f3 serramalera (vocal)<\/li>\n<li>Miguel angel Alegre Martinez (vocal)<\/li>\n<li>paloma Biglino campos (vocal)<\/li>\n<\/ul>\n<\/li>\n<\/ul>\n<p>&nbsp;<\/p>\n","protected":false},"excerpt":{"rendered":"<p>Tesis doctoral de Cristina Elias Mendez Se estudia la protecci\u00f3n que nuestro ordenamiento juridico presta al menor inmigrante. La protecci\u00f3n [&hellip;]<\/p>\n","protected":false},"author":1,"featured_media":0,"comment_status":"open","ping_status":"open","sticky":false,"template":"","format":"standard","meta":{"site-sidebar-layout":"default","site-content-layout":"","ast-site-content-layout":"","site-content-style":"default","site-sidebar-style":"default","ast-global-header-display":"","ast-banner-title-visibility":"","ast-main-header-display":"","ast-hfb-above-header-display":"","ast-hfb-below-header-display":"","ast-hfb-mobile-header-display":"","site-post-title":"","ast-breadcrumbs-content":"","ast-featured-img":"","footer-sml-layout":"","theme-transparent-header-meta":"","adv-header-id-meta":"","stick-header-meta":"","header-above-stick-meta":"","header-main-stick-meta":"","header-below-stick-meta":"","astra-migrate-meta-layouts":"default","ast-page-background-enabled":"default","ast-page-background-meta":{"desktop":{"background-color":"var(--ast-global-color-4)","background-image":"","background-repeat":"repeat","background-position":"center center","background-size":"auto","background-attachment":"scroll","background-type":"","background-media":"","overlay-type":"","overlay-color":"","overlay-gradient":""},"tablet":{"background-color":"","background-image":"","background-repeat":"repeat","background-position":"center center","background-size":"auto","background-attachment":"scroll","background-type":"","background-media":"","overlay-type":"","overlay-color":"","overlay-gradient":""},"mobile":{"background-color":"","background-image":"","background-repeat":"repeat","background-position":"center center","background-size":"auto","background-attachment":"scroll","background-type":"","background-media":"","overlay-type":"","overlay-color":"","overlay-gradient":""}},"ast-content-background-meta":{"desktop":{"background-color":"var(--ast-global-color-5)","background-image":"","background-repeat":"repeat","background-position":"center center","background-size":"auto","background-attachment":"scroll","background-type":"","background-media":"","overlay-type":"","overlay-color":"","overlay-gradient":""},"tablet":{"background-color":"var(--ast-global-color-5)","background-image":"","background-repeat":"repeat","background-position":"center center","background-size":"auto","background-attachment":"scroll","background-type":"","background-media":"","overlay-type":"","overlay-color":"","overlay-gradient":""},"mobile":{"background-color":"var(--ast-global-color-5)","background-image":"","background-repeat":"repeat","background-position":"center center","background-size":"auto","background-attachment":"scroll","background-type":"","background-media":"","overlay-type":"","overlay-color":"","overlay-gradient":""}},"footnotes":""},"categories":[612,1450,979],"tags":[45415,45418,45419,44822,45416,45417],"class_list":["post-14061","post","type-post","status-publish","format-standard","hentry","category-ciencias-juridicas-y-derecho","category-derecho-constitucional","category-derecho-y-legislacion-nacionales","tag-cristina-elias-mendez","tag-merce-barcelo-serramalera","tag-miguel-angel-alegre-Martinez","tag-paloma-biglino-campos","tag-remedio-sanchez-ferriz","tag-teresa-freixes-sanjuan"],"_links":{"self":[{"href":"https:\/\/www.deberes.net\/tesis\/wp-json\/wp\/v2\/posts\/14061","targetHints":{"allow":["GET"]}}],"collection":[{"href":"https:\/\/www.deberes.net\/tesis\/wp-json\/wp\/v2\/posts"}],"about":[{"href":"https:\/\/www.deberes.net\/tesis\/wp-json\/wp\/v2\/types\/post"}],"author":[{"embeddable":true,"href":"https:\/\/www.deberes.net\/tesis\/wp-json\/wp\/v2\/users\/1"}],"replies":[{"embeddable":true,"href":"https:\/\/www.deberes.net\/tesis\/wp-json\/wp\/v2\/comments?post=14061"}],"version-history":[{"count":0,"href":"https:\/\/www.deberes.net\/tesis\/wp-json\/wp\/v2\/posts\/14061\/revisions"}],"wp:attachment":[{"href":"https:\/\/www.deberes.net\/tesis\/wp-json\/wp\/v2\/media?parent=14061"}],"wp:term":[{"taxonomy":"category","embeddable":true,"href":"https:\/\/www.deberes.net\/tesis\/wp-json\/wp\/v2\/categories?post=14061"},{"taxonomy":"post_tag","embeddable":true,"href":"https:\/\/www.deberes.net\/tesis\/wp-json\/wp\/v2\/tags?post=14061"}],"curies":[{"name":"wp","href":"https:\/\/api.w.org\/{rel}","templated":true}]}}