{"id":140827,"date":"2026-01-12T17:57:45","date_gmt":"2026-01-12T17:57:45","guid":{"rendered":"https:\/\/www.deberes.net\/tesis\/sin-categoria\/los-problemas-de-comunicacion-prelinguistica-en-los-ninos-autistas-estudio-desde-la-perspectiva-del-analisis-secuencial\/"},"modified":"2026-01-12T17:57:45","modified_gmt":"2026-01-12T17:57:45","slug":"los-problemas-de-comunicacion-prelinguistica-en-los-ninos-autistas-estudio-desde-la-perspectiva-del-analisis-secuencial","status":"publish","type":"post","link":"https:\/\/www.deberes.net\/tesis\/psicologia\/los-problemas-de-comunicacion-prelinguistica-en-los-ninos-autistas-estudio-desde-la-perspectiva-del-analisis-secuencial\/","title":{"rendered":"Los problemas de comunicacion prelinguistica en los ni\u00f1os autistas: estudio desde la perspectiva del analisis secuencial"},"content":{"rendered":"<h2>Tesis doctoral de <strong> Ricardo Canal Bedia <\/strong><\/h2>\n<p>Partiendo de un analisis teorico de las investigaciones recientes sobre el problema de comunicacion en los ni\u00f1os autistas, se desarrolla un estudio empirico comparativo.  este estudio describe las relaciones de contingencia entre pautas comunicativas y expresivas prelinguisticas de ni\u00f1os autistas, normales y s. De down, menores de 24 meses de e. M.  se han utilizado categorias de conducta que diferencian los actos interactivos de los ni\u00f1os segun impliquen, o no, la capacidad metarrepresentacional (leslie, 1987).  para el analisis de las interacciones madre-ni\u00f1o se han usado metodos de a.S.R. (Sackett, 1980) que, hasta ahora, no se habian aplicado al estudio descriptivo de las peculiaridades interactivas de los ni\u00f1os autistas.  los resultados son favorables a la hipotesis de que los ni\u00f1os autistas peque\u00f1os pueden mostrar algunas alteraciones en habilidades comunicativas precursoras al uso de la capacidad metarrepresentacional en la comunicacion.<\/p>\n<p>&nbsp;<\/p>\n<h3>Datos acad\u00e9micos de la tesis doctoral \u00ab<strong>Los problemas de comunicacion prelinguistica en los ni\u00f1os autistas: estudio desde la perspectiva del analisis secuencial<\/strong>\u00ab<\/h3>\n<ul>\n<li><strong>T\u00edtulo de la tesis:<\/strong>\u00a0 Los problemas de comunicacion prelinguistica en los ni\u00f1os autistas: estudio desde la perspectiva del analisis secuencial <\/li>\n<li><strong>Autor:<\/strong>\u00a0 Ricardo Canal Bedia <\/li>\n<li><strong>Universidad:<\/strong>\u00a0 Aut\u00f3noma de Madrid<\/li>\n<li><strong>Fecha de lectura de la tesis:<\/strong>\u00a0 01\/01\/1992<\/li>\n<\/ul>\n<p>&nbsp;<\/p>\n<h3>Direcci\u00f3n y tribunal<\/h3>\n<ul>\n<li><strong>Director de la tesis<\/strong>\n<ul>\n<li>Angel Riviere Gomez<\/li>\n<\/ul>\n<\/li>\n<li><strong>Tribunal<\/strong>\n<ul>\n<li>Presidente del tribunal: Rafael San Martin <\/li>\n<li>Pilar Lacasa (vocal)<\/li>\n<li>Aquilino Polaino Lorente (vocal)<\/li>\n<li>Ignasi Vila Mendiburu (vocal)<\/li>\n<\/ul>\n<\/li>\n<\/ul>\n<p>&nbsp;<\/p>\n","protected":false},"excerpt":{"rendered":"<p>Tesis doctoral de Ricardo Canal Bedia Partiendo de un analisis teorico de las investigaciones recientes sobre el problema de comunicacion [&hellip;]<\/p>\n","protected":false},"author":1,"featured_media":0,"comment_status":"open","ping_status":"open","sticky":false,"template":"","format":"standard","meta":{"site-sidebar-layout":"default","site-content-layout":"","ast-site-content-layout":"","site-content-style":"default","site-sidebar-style":"default","ast-global-header-display":"","ast-banner-title-visibility":"","ast-main-header-display":"","ast-hfb-above-header-display":"","ast-hfb-below-header-display":"","ast-hfb-mobile-header-display":"","site-post-title":"","ast-breadcrumbs-content":"","ast-featured-img":"","footer-sml-layout":"","theme-transparent-header-meta":"","adv-header-id-meta":"","stick-header-meta":"","header-above-stick-meta":"","header-main-stick-meta":"","header-below-stick-meta":"","astra-migrate-meta-layouts":"default","ast-page-background-enabled":"default","ast-page-background-meta":{"desktop":{"background-color":"var(--ast-global-color-4)","background-image":"","background-repeat":"repeat","background-position":"center center","background-size":"auto","background-attachment":"scroll","background-type":"","background-media":"","overlay-type":"","overlay-color":"","overlay-gradient":""},"tablet":{"background-color":"","background-image":"","background-repeat":"repeat","background-position":"center center","background-size":"auto","background-attachment":"scroll","background-type":"","background-media":"","overlay-type":"","overlay-color":"","overlay-gradient":""},"mobile":{"background-color":"","background-image":"","background-repeat":"repeat","background-position":"center center","background-size":"auto","background-attachment":"scroll","background-type":"","background-media":"","overlay-type":"","overlay-color":"","overlay-gradient":""}},"ast-content-background-meta":{"desktop":{"background-color":"var(--ast-global-color-5)","background-image":"","background-repeat":"repeat","background-position":"center center","background-size":"auto","background-attachment":"scroll","background-type":"","background-media":"","overlay-type":"","overlay-color":"","overlay-gradient":""},"tablet":{"background-color":"var(--ast-global-color-5)","background-image":"","background-repeat":"repeat","background-position":"center center","background-size":"auto","background-attachment":"scroll","background-type":"","background-media":"","overlay-type":"","overlay-color":"","overlay-gradient":""},"mobile":{"background-color":"var(--ast-global-color-5)","background-image":"","background-repeat":"repeat","background-position":"center center","background-size":"auto","background-attachment":"scroll","background-type":"","background-media":"","overlay-type":"","overlay-color":"","overlay-gradient":""}},"footnotes":""},"categories":[10755,324,961],"tags":[14555,13522,11067,17167,115321,75825],"class_list":["post-140827","post","type-post","status-publish","format-standard","hentry","category-desviaciones-del-comportamiento","category-psicologia","category-psicologia-de-la-anormalidad","tag-angel-riviere-gomez","tag-aquilino-polaino-lorente","tag-ignasi-vila-mendiburu","tag-pilar-lacasa","tag-rafael-san-martin","tag-ricardo-canal-bedia"],"_links":{"self":[{"href":"https:\/\/www.deberes.net\/tesis\/wp-json\/wp\/v2\/posts\/140827","targetHints":{"allow":["GET"]}}],"collection":[{"href":"https:\/\/www.deberes.net\/tesis\/wp-json\/wp\/v2\/posts"}],"about":[{"href":"https:\/\/www.deberes.net\/tesis\/wp-json\/wp\/v2\/types\/post"}],"author":[{"embeddable":true,"href":"https:\/\/www.deberes.net\/tesis\/wp-json\/wp\/v2\/users\/1"}],"replies":[{"embeddable":true,"href":"https:\/\/www.deberes.net\/tesis\/wp-json\/wp\/v2\/comments?post=140827"}],"version-history":[{"count":0,"href":"https:\/\/www.deberes.net\/tesis\/wp-json\/wp\/v2\/posts\/140827\/revisions"}],"wp:attachment":[{"href":"https:\/\/www.deberes.net\/tesis\/wp-json\/wp\/v2\/media?parent=140827"}],"wp:term":[{"taxonomy":"category","embeddable":true,"href":"https:\/\/www.deberes.net\/tesis\/wp-json\/wp\/v2\/categories?post=140827"},{"taxonomy":"post_tag","embeddable":true,"href":"https:\/\/www.deberes.net\/tesis\/wp-json\/wp\/v2\/tags?post=140827"}],"curies":[{"name":"wp","href":"https:\/\/api.w.org\/{rel}","templated":true}]}}