{"id":14083,"date":"2018-03-09T09:00:38","date_gmt":"2018-03-09T09:00:38","guid":{"rendered":"https:\/\/www.deberes.net\/tesis\/sin-categoria\/los-servicios-de-television-por-cable-en-espana-1996-2000-operadores-contendios-y-consumos\/"},"modified":"2018-03-09T09:00:38","modified_gmt":"2018-03-09T09:00:38","slug":"los-servicios-de-television-por-cable-en-espana-1996-2000-operadores-contendios-y-consumos","status":"publish","type":"post","link":"https:\/\/www.deberes.net\/tesis\/ciencias-tecnologicas\/los-servicios-de-television-por-cable-en-espana-1996-2000-operadores-contendios-y-consumos\/","title":{"rendered":"Los servicios de televisi\u00f3n por cable en espa\u00f1a 1996-2000: operadores, contendios y consumos"},"content":{"rendered":"<h2>Tesis doctoral de <strong> Emilio Fernandez Pe\u00f1a <\/strong><\/h2>\n<p>Tras una contextualizaci\u00f3n que se centra en la historia y actual desarrollo de los servicios de cable en ee.Uu el presente trabajo analiza los servicios televisivos en el mercado espa\u00f1ol. No pod\u00edamos ignorar a los operadores hist\u00f3ricos que desarrollaban su actividad en el momento de aprobarse la ley y a ellos dedicamos un apartado en el que aparecen las caracter\u00edsticas de los actores del sector antes del 22 de diciembre de 1995, desglosados por comunidades aut\u00f3nomas y provincias. Los actuales operadores, como empresas de telecomunicaciones integrales, est\u00e1n participados por compa\u00f1\u00edas provenientes de diferentes sectores: el de la electricidad, el de las telecomunicaciones, el financiero y el de los medios de comunicaci\u00f3n. Delimitamos el papel de cada uno de estos socios y el peso de cada uno de los sectores en los diferentes grupos estrat\u00e9gicos: agupaci\u00f3n de operadores de cable, ono y telef\u00f3nica cable. Por su parte, los contenidos de los operadores de cable en espa\u00f1a pasan de ser un bien escaso en 1996 a una gran abundancia que pone en peligro la pervivencia de muchos de los nuevos canales en los pr\u00f3ximos a\u00f1os. Los operadores de cable espa\u00f1oles deben hacer un esfuerzo en el empaquetado y creaci\u00f3n de contenidos propios, lo que les permitir\u00e1 imprimir un valo a\u00f1adido a su oferta televisiva. Finalmente, desarrollamos los datos de una encuesta realizada a 306 abonados al cable, a v\u00eda digital y a canal sat\u00e9lite digital. En esta encuesta se desarrollan las variaciones del tiempo de consumo tras el advenimiento de la televisi\u00f3n multicanal, el uso del v\u00eddeo y del mando a distancia en el nuevo entorno y los modelos de uso de las diferentes categor\u00edas de programaci\u00f3n (canales b\u00e1sicos, premium y pay per view).  finalmente, se comparan las diferencias de consumo en los tres casos analizados.<\/p>\n<p>&nbsp;<\/p>\n<h3>Datos acad\u00e9micos de la tesis doctoral \u00ab<strong>Los servicios de televisi\u00f3n por cable en espa\u00f1a 1996-2000: operadores, contendios y consumos<\/strong>\u00ab<\/h3>\n<ul>\n<li><strong>T\u00edtulo de la tesis:<\/strong>\u00a0 Los servicios de televisi\u00f3n por cable en espa\u00f1a 1996-2000: operadores, contendios y consumos <\/li>\n<li><strong>Autor:<\/strong>\u00a0 Emilio Fernandez Pe\u00f1a <\/li>\n<li><strong>Universidad:<\/strong>\u00a0 Pa\u00eds vasco\/euskal herriko unibertsitatea<\/li>\n<li><strong>Fecha de lectura de la tesis:<\/strong>\u00a0 28\/11\/2001<\/li>\n<\/ul>\n<p>&nbsp;<\/p>\n<h3>Direcci\u00f3n y tribunal<\/h3>\n<ul>\n<li><strong>Director de la tesis<\/strong>\n<ul>\n<li>Carmelo Garitaonandia Garnacho<\/li>\n<\/ul>\n<\/li>\n<li><strong>Tribunal<\/strong>\n<ul>\n<li>Presidente del tribunal: miquel Moragas spa <\/li>\n<li>Jos\u00e9 ignacio Armentia vizuete (vocal)<\/li>\n<li>emili Prado pico (vocal)<\/li>\n<li>Miguel De aguilera moyano (vocal)<\/li>\n<\/ul>\n<\/li>\n<\/ul>\n<p>&nbsp;<\/p>\n","protected":false},"excerpt":{"rendered":"<p>Tesis doctoral de Emilio Fernandez Pe\u00f1a Tras una contextualizaci\u00f3n que se centra en la historia y actual desarrollo de los [&hellip;]<\/p>\n","protected":false},"author":1,"featured_media":0,"comment_status":"open","ping_status":"open","sticky":false,"template":"","format":"standard","meta":{"site-sidebar-layout":"default","site-content-layout":"","ast-site-content-layout":"","site-content-style":"default","site-sidebar-style":"default","ast-global-header-display":"","ast-banner-title-visibility":"","ast-main-header-display":"","ast-hfb-above-header-display":"","ast-hfb-below-header-display":"","ast-hfb-mobile-header-display":"","site-post-title":"","ast-breadcrumbs-content":"","ast-featured-img":"","footer-sml-layout":"","theme-transparent-header-meta":"","adv-header-id-meta":"","stick-header-meta":"","header-above-stick-meta":"","header-main-stick-meta":"","header-below-stick-meta":"","astra-migrate-meta-layouts":"default","ast-page-background-enabled":"default","ast-page-background-meta":{"desktop":{"background-color":"var(--ast-global-color-4)","background-image":"","background-repeat":"repeat","background-position":"center center","background-size":"auto","background-attachment":"scroll","background-type":"","background-media":"","overlay-type":"","overlay-color":"","overlay-gradient":""},"tablet":{"background-color":"","background-image":"","background-repeat":"repeat","background-position":"center center","background-size":"auto","background-attachment":"scroll","background-type":"","background-media":"","overlay-type":"","overlay-color":"","overlay-gradient":""},"mobile":{"background-color":"","background-image":"","background-repeat":"repeat","background-position":"center center","background-size":"auto","background-attachment":"scroll","background-type":"","background-media":"","overlay-type":"","overlay-color":"","overlay-gradient":""}},"ast-content-background-meta":{"desktop":{"background-color":"var(--ast-global-color-5)","background-image":"","background-repeat":"repeat","background-position":"center center","background-size":"auto","background-attachment":"scroll","background-type":"","background-media":"","overlay-type":"","overlay-color":"","overlay-gradient":""},"tablet":{"background-color":"var(--ast-global-color-5)","background-image":"","background-repeat":"repeat","background-position":"center center","background-size":"auto","background-attachment":"scroll","background-type":"","background-media":"","overlay-type":"","overlay-color":"","overlay-gradient":""},"mobile":{"background-color":"var(--ast-global-color-5)","background-image":"","background-repeat":"repeat","background-position":"center center","background-size":"auto","background-attachment":"scroll","background-type":"","background-media":"","overlay-type":"","overlay-color":"","overlay-gradient":""}},"footnotes":""},"categories":[838,332,12909,13482,839,2489,16616],"tags":[13216,11213,45480,45481,5319,17793],"class_list":["post-14083","post","type-post","status-publish","format-standard","hentry","category-ciencia-politica","category-ciencias-tecnologicas","category-pais-vasco-euskal-herriko-unibertsitatea","category-politica-de-la-informacion","category-politicas-sectoriales","category-tecnologia-de-las-telecomunicaciones","category-television-por-cable","tag-carmelo-garitaonandia-garnacho","tag-emili-prado-pico","tag-emilio-fernandez-pena","tag-jose-ignacio-armentia-vizuete","tag-miguel-de-aguilera-moyano","tag-miquel-moragas-spa"],"_links":{"self":[{"href":"https:\/\/www.deberes.net\/tesis\/wp-json\/wp\/v2\/posts\/14083","targetHints":{"allow":["GET"]}}],"collection":[{"href":"https:\/\/www.deberes.net\/tesis\/wp-json\/wp\/v2\/posts"}],"about":[{"href":"https:\/\/www.deberes.net\/tesis\/wp-json\/wp\/v2\/types\/post"}],"author":[{"embeddable":true,"href":"https:\/\/www.deberes.net\/tesis\/wp-json\/wp\/v2\/users\/1"}],"replies":[{"embeddable":true,"href":"https:\/\/www.deberes.net\/tesis\/wp-json\/wp\/v2\/comments?post=14083"}],"version-history":[{"count":0,"href":"https:\/\/www.deberes.net\/tesis\/wp-json\/wp\/v2\/posts\/14083\/revisions"}],"wp:attachment":[{"href":"https:\/\/www.deberes.net\/tesis\/wp-json\/wp\/v2\/media?parent=14083"}],"wp:term":[{"taxonomy":"category","embeddable":true,"href":"https:\/\/www.deberes.net\/tesis\/wp-json\/wp\/v2\/categories?post=14083"},{"taxonomy":"post_tag","embeddable":true,"href":"https:\/\/www.deberes.net\/tesis\/wp-json\/wp\/v2\/tags?post=14083"}],"curies":[{"name":"wp","href":"https:\/\/api.w.org\/{rel}","templated":true}]}}