{"id":141042,"date":"2026-01-12T17:59:10","date_gmt":"2026-01-12T17:59:10","guid":{"rendered":"https:\/\/www.deberes.net\/tesis\/sin-categoria\/el-consejo-de-inquisicion-1483-1700-introduccion-a-la-historia-social-de-sus-miembros\/"},"modified":"2026-01-12T17:59:10","modified_gmt":"2026-01-12T17:59:10","slug":"el-consejo-de-inquisicion-1483-1700-introduccion-a-la-historia-social-de-sus-miembros","status":"publish","type":"post","link":"https:\/\/www.deberes.net\/tesis\/historia\/el-consejo-de-inquisicion-1483-1700-introduccion-a-la-historia-social-de-sus-miembros\/","title":{"rendered":"El consejo de inquisicion (1483-1700): introduccion a la historia social de sus miembros."},"content":{"rendered":"<h2>Tesis doctoral de <strong> Teresa Sanchez Rivilla <\/strong><\/h2>\n<p>Es un analisis minucioso de la documentacion referente a los consejeros e inquisidores generales. Es un analisis con un metodo prosoprografico que da cuenta de los caracteres generales del personal analizado. Contiene una introduccion institucional sobre la jurisdiccion de inquisidor general y consejo. Contiene un apendice documental magnifico que permite seguir con detalle los analisis y las interpretaciones que se exponen.<\/p>\n<p>&nbsp;<\/p>\n<h3>Datos acad\u00e9micos de la tesis doctoral \u00ab<strong>El consejo de inquisicion (1483-1700): introduccion a la historia social de sus miembros.<\/strong>\u00ab<\/h3>\n<ul>\n<li><strong>T\u00edtulo de la tesis:<\/strong>\u00a0 El consejo de inquisicion (1483-1700): introduccion a la historia social de sus miembros. <\/li>\n<li><strong>Autor:<\/strong>\u00a0 Teresa Sanchez Rivilla <\/li>\n<li><strong>Universidad:<\/strong>\u00a0 Aut\u00f3noma de Madrid<\/li>\n<li><strong>Fecha de lectura de la tesis:<\/strong>\u00a0 01\/01\/1992<\/li>\n<\/ul>\n<p>&nbsp;<\/p>\n<h3>Direcci\u00f3n y tribunal<\/h3>\n<ul>\n<li><strong>Director de la tesis<\/strong>\n<ul>\n<li>Jos\u00e9 Mart\u00ednez Mill\u00e1n<\/li>\n<\/ul>\n<\/li>\n<li><strong>Tribunal<\/strong>\n<ul>\n<li>Presidente del tribunal: Pablo Fernandez Albaladejo <\/li>\n<li>Mar\u00eda  Victoria Lopez-cordon Cortezo (vocal)<\/li>\n<li>Margarita Ortega L\u00f3pez (vocal)<\/li>\n<li>Jaime Contreras Contreras (vocal)<\/li>\n<\/ul>\n<\/li>\n<\/ul>\n<p>&nbsp;<\/p>\n","protected":false},"excerpt":{"rendered":"<p>Tesis doctoral de Teresa Sanchez Rivilla Es un analisis minucioso de la documentacion referente a los consejeros e inquisidores generales. [&hellip;]<\/p>\n","protected":false},"author":1,"featured_media":0,"comment_status":"open","ping_status":"open","sticky":false,"template":"","format":"standard","meta":{"site-sidebar-layout":"default","site-content-layout":"","ast-site-content-layout":"","site-content-style":"default","site-sidebar-style":"default","ast-global-header-display":"","ast-banner-title-visibility":"","ast-main-header-display":"","ast-hfb-above-header-display":"","ast-hfb-below-header-display":"","ast-hfb-mobile-header-display":"","site-post-title":"","ast-breadcrumbs-content":"","ast-featured-img":"","footer-sml-layout":"","theme-transparent-header-meta":"","adv-header-id-meta":"","stick-header-meta":"","header-above-stick-meta":"","header-main-stick-meta":"","header-below-stick-meta":"","astra-migrate-meta-layouts":"default","ast-page-background-enabled":"default","ast-page-background-meta":{"desktop":{"background-color":"var(--ast-global-color-4)","background-image":"","background-repeat":"repeat","background-position":"center center","background-size":"auto","background-attachment":"scroll","background-type":"","background-media":"","overlay-type":"","overlay-color":"","overlay-gradient":""},"tablet":{"background-color":"","background-image":"","background-repeat":"repeat","background-position":"center center","background-size":"auto","background-attachment":"scroll","background-type":"","background-media":"","overlay-type":"","overlay-color":"","overlay-gradient":""},"mobile":{"background-color":"","background-image":"","background-repeat":"repeat","background-position":"center center","background-size":"auto","background-attachment":"scroll","background-type":"","background-media":"","overlay-type":"","overlay-color":"","overlay-gradient":""}},"ast-content-background-meta":{"desktop":{"background-color":"var(--ast-global-color-5)","background-image":"","background-repeat":"repeat","background-position":"center center","background-size":"auto","background-attachment":"scroll","background-type":"","background-media":"","overlay-type":"","overlay-color":"","overlay-gradient":""},"tablet":{"background-color":"var(--ast-global-color-5)","background-image":"","background-repeat":"repeat","background-position":"center center","background-size":"auto","background-attachment":"scroll","background-type":"","background-media":"","overlay-type":"","overlay-color":"","overlay-gradient":""},"mobile":{"background-color":"var(--ast-global-color-5)","background-image":"","background-repeat":"repeat","background-position":"center center","background-size":"auto","background-attachment":"scroll","background-type":"","background-media":"","overlay-type":"","overlay-color":"","overlay-gradient":""}},"footnotes":""},"categories":[104,758,1015,220,222],"tags":[12527,14896,15548,5360,2907,255773],"class_list":["post-141042","post","type-post","status-publish","format-standard","hentry","category-historia","category-historia-del-derecho-y-de-las-instituciones-juridicas","category-historia-moderna-del-area-europea","category-historia-por-epocas","category-historias-especializadas","tag-jaime-contreras-contreras","tag-jose-Martinez-millan","tag-margarita-ortega-lopez","tag-maria-victoria-lopez-cordon-cortezo","tag-pablo-fernandez-albaladejo","tag-teresa-sanchez-rivilla"],"_links":{"self":[{"href":"https:\/\/www.deberes.net\/tesis\/wp-json\/wp\/v2\/posts\/141042","targetHints":{"allow":["GET"]}}],"collection":[{"href":"https:\/\/www.deberes.net\/tesis\/wp-json\/wp\/v2\/posts"}],"about":[{"href":"https:\/\/www.deberes.net\/tesis\/wp-json\/wp\/v2\/types\/post"}],"author":[{"embeddable":true,"href":"https:\/\/www.deberes.net\/tesis\/wp-json\/wp\/v2\/users\/1"}],"replies":[{"embeddable":true,"href":"https:\/\/www.deberes.net\/tesis\/wp-json\/wp\/v2\/comments?post=141042"}],"version-history":[{"count":0,"href":"https:\/\/www.deberes.net\/tesis\/wp-json\/wp\/v2\/posts\/141042\/revisions"}],"wp:attachment":[{"href":"https:\/\/www.deberes.net\/tesis\/wp-json\/wp\/v2\/media?parent=141042"}],"wp:term":[{"taxonomy":"category","embeddable":true,"href":"https:\/\/www.deberes.net\/tesis\/wp-json\/wp\/v2\/categories?post=141042"},{"taxonomy":"post_tag","embeddable":true,"href":"https:\/\/www.deberes.net\/tesis\/wp-json\/wp\/v2\/tags?post=141042"}],"curies":[{"name":"wp","href":"https:\/\/api.w.org\/{rel}","templated":true}]}}